{"id":5468,"date":"2020-03-18T19:01:49","date_gmt":"2020-03-18T18:01:49","guid":{"rendered":"http:\/\/agora.xtec.cat\/ceip-fontfreda\/?p=5468"},"modified":"2020-03-18T19:01:49","modified_gmt":"2020-03-18T18:01:49","slug":"exercicis-per-practicar-catala-de-primer","status":"publish","type":"post","link":"https:\/\/agora.xtec.cat\/ceip-fontfreda\/primaria\/1r\/exercicis-per-practicar-catala-de-primer\/","title":{"rendered":"Exercicis per practicar Catal\u00e0 de Primer"},"content":{"rendered":"<p>Per practicar Catal\u00e0 des de casa, us deixo uns arxius pdf de l&#8217;Editorial Barcanova, amb solucionari, que podeu descarregar i imprimir per treballar amb els vostres fill i filles.<\/p>\n<p>Alguns exercicis s\u00f3n de refor\u00e7 i d&#8217;altres s\u00f3n d&#8217;ampliaci\u00f3.<\/p>\n<p><a href=\"https:\/\/agora.xtec.cat\/ceip-fontfreda\/wp-content\/uploads\/usu813\/2020\/03\/Refor\u00e7-Catal\u00e0-1r.pdf\">Refor\u00e7 Catal\u00e0 1r<\/a><\/p>\n<p><a href=\"https:\/\/agora.xtec.cat\/ceip-fontfreda\/wp-content\/uploads\/usu813\/2020\/03\/Ampliaci\u00f3-Catal\u00e0-1r.pdf\">Ampliaci\u00f3 Catal\u00e0 1r<\/a><\/p>\n","protected":false},"excerpt":{"rendered":"<p>Per practicar Catal\u00e0 des de casa, us deixo uns arxius pdf de l&#8217;Editorial Barcanova, amb solucionari, que podeu descarregar i imprimir per treballar amb els vostres fill i filles.Alguns exercicis s\u00f3n de refor\u00e7 i d&#8217;altres s\u00f3n d&#8217;ampliaci\u00f3.&hellip;  <a href=\"https:\/\/agora.xtec.cat\/ceip-fontfreda\/primaria\/1r\/exercicis-per-practicar-catala-de-primer\/\" title=\"Read Exercicis per practicar Catal\u00e0 de Primer\">Llegeix m\u00e9s\u00bb<\/a><\/p>\n","protected":false},"author":9,"featured_media":0,"comment_status":"open","ping_status":"closed","sticky":false,"template":"","format":"standard","meta":{"_bbp_topic_count":0,"_bbp_reply_count":0,"_bbp_total_topic_count":0,"_bbp_total_reply_count":0,"_bbp_voice_count":0,"_bbp_anonymous_reply_count":0,"_bbp_topic_count_hidden":0,"_bbp_reply_count_hidden":0,"_bbp_forum_subforum_count":0,"footnotes":""},"categories":[10],"tags":[],"class_list":["post-5468","post","type-post","status-publish","format-standard","hentry","category-1r"],"post_mailing_queue_ids":[],"_links":{"self":[{"href":"https:\/\/agora.xtec.cat\/ceip-fontfreda\/wp-json\/wp\/v2\/posts\/5468","targetHints":{"allow":["GET"]}}],"collection":[{"href":"https:\/\/agora.xtec.cat\/ceip-fontfreda\/wp-json\/wp\/v2\/posts"}],"about":[{"href":"https:\/\/agora.xtec.cat\/ceip-fontfreda\/wp-json\/wp\/v2\/types\/post"}],"author":[{"embeddable":true,"href":"https:\/\/agora.xtec.cat\/ceip-fontfreda\/wp-json\/wp\/v2\/users\/9"}],"replies":[{"embeddable":true,"href":"https:\/\/agora.xtec.cat\/ceip-fontfreda\/wp-json\/wp\/v2\/comments?post=5468"}],"version-history":[{"count":1,"href":"https:\/\/agora.xtec.cat\/ceip-fontfreda\/wp-json\/wp\/v2\/posts\/5468\/revisions"}],"predecessor-version":[{"id":5471,"href":"https:\/\/agora.xtec.cat\/ceip-fontfreda\/wp-json\/wp\/v2\/posts\/5468\/revisions\/5471"}],"wp:attachment":[{"href":"https:\/\/agora.xtec.cat\/ceip-fontfreda\/wp-json\/wp\/v2\/media?parent=5468"}],"wp:term":[{"taxonomy":"category","embeddable":true,"href":"https:\/\/agora.xtec.cat\/ceip-fontfreda\/wp-json\/wp\/v2\/categories?post=5468"},{"taxonomy":"post_tag","embeddable":true,"href":"https:\/\/agora.xtec.cat\/ceip-fontfreda\/wp-json\/wp\/v2\/tags?post=5468"}],"curies":[{"name":"wp","href":"https:\/\/api.w.org\/{rel}","templated":true}]}}