{"id":3445,"date":"2019-12-04T19:35:58","date_gmt":"2019-12-04T18:35:58","guid":{"rendered":"http:\/\/agora.xtec.cat\/ceip-fontfreda\/?p=3445"},"modified":"2019-12-04T19:35:58","modified_gmt":"2019-12-04T18:35:58","slug":"ja-ha-arribat-el-tio","status":"publish","type":"post","link":"https:\/\/agora.xtec.cat\/ceip-fontfreda\/infantil\/ja-ha-arribat-el-tio\/","title":{"rendered":"Ja ha arribat el Ti\u00f3!!"},"content":{"rendered":"<p><a href=\"https:\/\/agora.xtec.cat\/ceip-fontfreda\/wp-content\/uploads\/usu813\/2019\/12\/20191203_095228_compress31.jpg\"><img loading=\"lazy\" decoding=\"async\" class=\"alignnone size-large wp-image-3446\" src=\"https:\/\/agora.xtec.cat\/ceip-fontfreda\/wp-content\/uploads\/usu813\/2019\/12\/20191203_095228_compress31-1024x576.jpg\" alt=\"\" width=\"1024\" height=\"576\" \/><\/a> <a href=\"https:\/\/agora.xtec.cat\/ceip-fontfreda\/wp-content\/uploads\/usu813\/2019\/12\/20191203_095406_compress46.jpg\"><img loading=\"lazy\" decoding=\"async\" class=\"alignnone size-large wp-image-3447\" src=\"https:\/\/agora.xtec.cat\/ceip-fontfreda\/wp-content\/uploads\/usu813\/2019\/12\/20191203_095406_compress46-1024x576.jpg\" alt=\"\" width=\"1024\" height=\"576\" \/><\/a> <a href=\"https:\/\/agora.xtec.cat\/ceip-fontfreda\/wp-content\/uploads\/usu813\/2019\/12\/20191203_094611_compress55.jpg\"><img loading=\"lazy\" decoding=\"async\" class=\"alignnone size-large wp-image-3448\" src=\"https:\/\/agora.xtec.cat\/ceip-fontfreda\/wp-content\/uploads\/usu813\/2019\/12\/20191203_094611_compress55-1024x576.jpg\" alt=\"\" width=\"1024\" height=\"576\" \/><\/a> <a href=\"https:\/\/agora.xtec.cat\/ceip-fontfreda\/wp-content\/uploads\/usu813\/2019\/12\/CollageMaker_20191203_112930822_compress53.jpg\"><img loading=\"lazy\" decoding=\"async\" class=\"alignnone size-large wp-image-3449\" src=\"https:\/\/agora.xtec.cat\/ceip-fontfreda\/wp-content\/uploads\/usu813\/2019\/12\/CollageMaker_20191203_112930822_compress53.jpg\" alt=\"\" width=\"1008\" height=\"1008\" \/><\/a><\/p>\n","protected":false},"excerpt":{"rendered":"<p>El Ti\u00f3 ha tornat per quedar-se amb nosaltres unes setmanes! Si el cuidem b\u00e9&#8230; segur que ens portar\u00e0 sorpreses&#8230;&hellip;  <a href=\"https:\/\/agora.xtec.cat\/ceip-fontfreda\/infantil\/ja-ha-arribat-el-tio\/\" title=\"Read Ja ha arribat el Ti\u00f3!!\">Llegeix m\u00e9s\u00bb<\/a><\/p>\n","protected":false},"author":22,"featured_media":0,"comment_status":"open","ping_status":"closed","sticky":false,"template":"","format":"standard","meta":{"_bbp_topic_count":0,"_bbp_reply_count":0,"_bbp_total_topic_count":0,"_bbp_total_reply_count":0,"_bbp_voice_count":0,"_bbp_anonymous_reply_count":0,"_bbp_topic_count_hidden":0,"_bbp_reply_count_hidden":0,"_bbp_forum_subforum_count":0,"footnotes":""},"categories":[3,8,9,2],"tags":[],"class_list":["post-3445","post","type-post","status-publish","format-standard","hentry","category-i3","category-i4","category-i5","category-infantil"],"post_mailing_queue_ids":[],"_links":{"self":[{"href":"https:\/\/agora.xtec.cat\/ceip-fontfreda\/wp-json\/wp\/v2\/posts\/3445","targetHints":{"allow":["GET"]}}],"collection":[{"href":"https:\/\/agora.xtec.cat\/ceip-fontfreda\/wp-json\/wp\/v2\/posts"}],"about":[{"href":"https:\/\/agora.xtec.cat\/ceip-fontfreda\/wp-json\/wp\/v2\/types\/post"}],"author":[{"embeddable":true,"href":"https:\/\/agora.xtec.cat\/ceip-fontfreda\/wp-json\/wp\/v2\/users\/22"}],"replies":[{"embeddable":true,"href":"https:\/\/agora.xtec.cat\/ceip-fontfreda\/wp-json\/wp\/v2\/comments?post=3445"}],"version-history":[{"count":1,"href":"https:\/\/agora.xtec.cat\/ceip-fontfreda\/wp-json\/wp\/v2\/posts\/3445\/revisions"}],"predecessor-version":[{"id":3450,"href":"https:\/\/agora.xtec.cat\/ceip-fontfreda\/wp-json\/wp\/v2\/posts\/3445\/revisions\/3450"}],"wp:attachment":[{"href":"https:\/\/agora.xtec.cat\/ceip-fontfreda\/wp-json\/wp\/v2\/media?parent=3445"}],"wp:term":[{"taxonomy":"category","embeddable":true,"href":"https:\/\/agora.xtec.cat\/ceip-fontfreda\/wp-json\/wp\/v2\/categories?post=3445"},{"taxonomy":"post_tag","embeddable":true,"href":"https:\/\/agora.xtec.cat\/ceip-fontfreda\/wp-json\/wp\/v2\/tags?post=3445"}],"curies":[{"name":"wp","href":"https:\/\/api.w.org\/{rel}","templated":true}]}}