{"id":2796,"date":"2019-10-19T22:17:20","date_gmt":"2019-10-19T20:17:20","guid":{"rendered":"http:\/\/agora.xtec.cat\/ceip-fontfreda\/?p=2796"},"modified":"2019-10-19T22:17:58","modified_gmt":"2019-10-19T20:17:58","slug":"no-us-perdeu-el-que-fem-a-musica","status":"publish","type":"post","link":"https:\/\/agora.xtec.cat\/ceip-fontfreda\/infantil\/no-us-perdeu-el-que-fem-a-musica\/","title":{"rendered":"NO US PERDEU EL QUE FEM A M\u00daSICA"},"content":{"rendered":"<p><a href=\"http:\/\/petitsgransmusicsfontfreda.blogspot.com\/\"><img loading=\"lazy\" decoding=\"async\" class=\"alignnone size-large wp-image-2797\" src=\"https:\/\/agora.xtec.cat\/ceip-fontfreda\/wp-content\/uploads\/usu813\/2019\/10\/2016-12-11-PHOTO-00003389-1024x845.jpg\" alt=\"\" width=\"1024\" height=\"845\" \/><\/a><\/p>\n<p>Si vols saber qu\u00e8 fem a les classes de m\u00fasica, passa pel blog dels petits grans m\u00fasics de l&#8217;escola clicant a la foto. All\u00e0 hi veur\u00e0s als teus fills fent m\u00fasica!<\/p>\n<p>I si no vols perdre&#8217;t res, subscriu-te al blog i aix\u00ed rebr\u00e0s una notificaci\u00f3 al correu sempre que hi hagi novetats!<\/p>\n<p>T&#8217;esperem !<\/p>\n<p>Judith<\/p>\n","protected":false},"excerpt":{"rendered":"<p><a href=\"http:\/\/petitsgransmusicsfontfreda.blogspot.com\/\"><\/a><br \/>\nSi vols saber qu\u00e8 fem a les classes de m\u00fasica, passa pel blog dels petits grans m\u00fasics de l&#8217;escola clicant a la foto. All\u00e0 hi veur\u00e0s als teus fills fent m\u00fasica!<br \/>\nI si no vols perdre&#8217;t res, subscriu-te al blog i aix\u00ed rebr\u00e0s una notificaci\u00f3&hellip;  <a href=\"https:\/\/agora.xtec.cat\/ceip-fontfreda\/infantil\/no-us-perdeu-el-que-fem-a-musica\/\" title=\"Read NO US PERDEU EL QUE FEM A M\u00daSICA\">Llegeix m\u00e9s\u00bb<\/a><\/p>\n","protected":false},"author":13,"featured_media":0,"comment_status":"open","ping_status":"closed","sticky":false,"template":"","format":"standard","meta":{"_bbp_topic_count":0,"_bbp_reply_count":0,"_bbp_total_topic_count":0,"_bbp_total_reply_count":0,"_bbp_voice_count":0,"_bbp_anonymous_reply_count":0,"_bbp_topic_count_hidden":0,"_bbp_reply_count_hidden":0,"_bbp_forum_subforum_count":0,"footnotes":""},"categories":[2,4,5],"tags":[],"class_list":["post-2796","post","type-post","status-publish","format-standard","hentry","category-infantil","category-portada","category-primaria"],"post_mailing_queue_ids":[],"_links":{"self":[{"href":"https:\/\/agora.xtec.cat\/ceip-fontfreda\/wp-json\/wp\/v2\/posts\/2796","targetHints":{"allow":["GET"]}}],"collection":[{"href":"https:\/\/agora.xtec.cat\/ceip-fontfreda\/wp-json\/wp\/v2\/posts"}],"about":[{"href":"https:\/\/agora.xtec.cat\/ceip-fontfreda\/wp-json\/wp\/v2\/types\/post"}],"author":[{"embeddable":true,"href":"https:\/\/agora.xtec.cat\/ceip-fontfreda\/wp-json\/wp\/v2\/users\/13"}],"replies":[{"embeddable":true,"href":"https:\/\/agora.xtec.cat\/ceip-fontfreda\/wp-json\/wp\/v2\/comments?post=2796"}],"version-history":[{"count":1,"href":"https:\/\/agora.xtec.cat\/ceip-fontfreda\/wp-json\/wp\/v2\/posts\/2796\/revisions"}],"predecessor-version":[{"id":2798,"href":"https:\/\/agora.xtec.cat\/ceip-fontfreda\/wp-json\/wp\/v2\/posts\/2796\/revisions\/2798"}],"wp:attachment":[{"href":"https:\/\/agora.xtec.cat\/ceip-fontfreda\/wp-json\/wp\/v2\/media?parent=2796"}],"wp:term":[{"taxonomy":"category","embeddable":true,"href":"https:\/\/agora.xtec.cat\/ceip-fontfreda\/wp-json\/wp\/v2\/categories?post=2796"},{"taxonomy":"post_tag","embeddable":true,"href":"https:\/\/agora.xtec.cat\/ceip-fontfreda\/wp-json\/wp\/v2\/tags?post=2796"}],"curies":[{"name":"wp","href":"https:\/\/api.w.org\/{rel}","templated":true}]}}