{"id":2764,"date":"2019-10-11T15:16:25","date_gmt":"2019-10-11T13:16:25","guid":{"rendered":"http:\/\/agora.xtec.cat\/ceip-fontfreda\/?p=2764"},"modified":"2019-10-11T15:17:29","modified_gmt":"2019-10-11T13:17:29","slug":"padrins-p5-5e","status":"publish","type":"post","link":"https:\/\/agora.xtec.cat\/ceip-fontfreda\/infantil\/padrins-p5-5e\/","title":{"rendered":"PADRINS P5-5\u00e8"},"content":{"rendered":"<p>El passat dimecres 2 d\u00b4octubre vam comen\u00e7ar l\u00b4activitat de padrins i fillols entre 5\u00e8 i P5. Tant els nens i les nenes grans i petits com les tutores est\u00e0vem desitjant que arrib\u00e9s aquest dia per poder comen\u00e7ar a compartir experi\u00e8ncies i aprenentatges durant tot el curs.<\/p>\n<p>Tot seguit, podreu veure alguns dels moments:<\/p>\n<p><a href=\"https:\/\/agora.xtec.cat\/ceip-fontfreda\/wp-content\/uploads\/usu813\/2019\/10\/20191002_121728.jpg\"><img loading=\"lazy\" decoding=\"async\" class=\"alignnone wp-image-2767\" src=\"https:\/\/agora.xtec.cat\/ceip-fontfreda\/wp-content\/uploads\/usu813\/2019\/10\/20191002_121728-169x300.jpg\" alt=\"\" width=\"148\" height=\"263\" \/><\/a><a href=\"https:\/\/agora.xtec.cat\/ceip-fontfreda\/wp-content\/uploads\/usu813\/2019\/10\/C\u00f2pia-de-20191002_120602.jpg\"><img loading=\"lazy\" decoding=\"async\" class=\"alignnone size-medium wp-image-2765\" src=\"https:\/\/agora.xtec.cat\/ceip-fontfreda\/wp-content\/uploads\/usu813\/2019\/10\/C\u00f2pia-de-20191002_120602-300x169.jpg\" alt=\"\" width=\"300\" height=\"169\" \/><\/a> <a href=\"https:\/\/agora.xtec.cat\/ceip-fontfreda\/wp-content\/uploads\/usu813\/2019\/10\/20191002_120824.jpg\"><img loading=\"lazy\" decoding=\"async\" class=\"alignnone wp-image-2766\" src=\"https:\/\/agora.xtec.cat\/ceip-fontfreda\/wp-content\/uploads\/usu813\/2019\/10\/20191002_120824-300x169.jpg\" alt=\"\" width=\"311\" height=\"175\" \/><\/a><\/p>\n","protected":false},"excerpt":{"rendered":"<p>El passat dimecres 2 d\u00b4octubre vam comen\u00e7ar l\u00b4activitat de padrins i fillols entre 5\u00e8 i P5. Tant els nens i les nenes grans i petits com les tutores est\u00e0vem desitjant que arrib\u00e9s aquest dia per poder comen\u00e7ar a compartir experi\u00e8ncies i aprenentatges durant tot el&hellip;  <a href=\"https:\/\/agora.xtec.cat\/ceip-fontfreda\/infantil\/padrins-p5-5e\/\" title=\"Read PADRINS P5-5\u00e8\">Llegeix m\u00e9s\u00bb<\/a><\/p>\n","protected":false},"author":1,"featured_media":0,"comment_status":"closed","ping_status":"closed","sticky":false,"template":"","format":"standard","meta":{"_bbp_topic_count":0,"_bbp_reply_count":0,"_bbp_total_topic_count":0,"_bbp_total_reply_count":0,"_bbp_voice_count":0,"_bbp_anonymous_reply_count":0,"_bbp_topic_count_hidden":0,"_bbp_reply_count_hidden":0,"_bbp_forum_subforum_count":0,"footnotes":""},"categories":[14,9,2,5],"tags":[],"class_list":["post-2764","post","type-post","status-publish","format-standard","hentry","category-5e","category-i5","category-infantil","category-primaria"],"post_mailing_queue_ids":[],"_links":{"self":[{"href":"https:\/\/agora.xtec.cat\/ceip-fontfreda\/wp-json\/wp\/v2\/posts\/2764","targetHints":{"allow":["GET"]}}],"collection":[{"href":"https:\/\/agora.xtec.cat\/ceip-fontfreda\/wp-json\/wp\/v2\/posts"}],"about":[{"href":"https:\/\/agora.xtec.cat\/ceip-fontfreda\/wp-json\/wp\/v2\/types\/post"}],"author":[{"embeddable":true,"href":"https:\/\/agora.xtec.cat\/ceip-fontfreda\/wp-json\/wp\/v2\/users\/1"}],"replies":[{"embeddable":true,"href":"https:\/\/agora.xtec.cat\/ceip-fontfreda\/wp-json\/wp\/v2\/comments?post=2764"}],"version-history":[{"count":1,"href":"https:\/\/agora.xtec.cat\/ceip-fontfreda\/wp-json\/wp\/v2\/posts\/2764\/revisions"}],"predecessor-version":[{"id":2768,"href":"https:\/\/agora.xtec.cat\/ceip-fontfreda\/wp-json\/wp\/v2\/posts\/2764\/revisions\/2768"}],"wp:attachment":[{"href":"https:\/\/agora.xtec.cat\/ceip-fontfreda\/wp-json\/wp\/v2\/media?parent=2764"}],"wp:term":[{"taxonomy":"category","embeddable":true,"href":"https:\/\/agora.xtec.cat\/ceip-fontfreda\/wp-json\/wp\/v2\/categories?post=2764"},{"taxonomy":"post_tag","embeddable":true,"href":"https:\/\/agora.xtec.cat\/ceip-fontfreda\/wp-json\/wp\/v2\/tags?post=2764"}],"curies":[{"name":"wp","href":"https:\/\/api.w.org\/{rel}","templated":true}]}}