{"id":2715,"date":"2019-09-27T15:30:17","date_gmt":"2019-09-27T13:30:17","guid":{"rendered":"http:\/\/agora.xtec.cat\/ceip-fontfreda\/?p=2715"},"modified":"2019-10-14T13:32:36","modified_gmt":"2019-10-14T11:32:36","slug":"setmana-pel-canvi-climatic","status":"publish","type":"post","link":"https:\/\/agora.xtec.cat\/ceip-fontfreda\/general\/setmana-pel-canvi-climatic\/","title":{"rendered":"Setmana pel clima!"},"content":{"rendered":"<p style=\"text-align: center;\"><a href=\"https:\/\/agora.xtec.cat\/ceip-fontfreda\/wp-content\/uploads\/usu813\/2019\/09\/IMG-20190927-WA0010.jpg\"><strong>Del 20 al 27 de setembre ha estat convocada la vaga per la Terra a tot el m\u00f3n per salvar el planeta i a l\u2019escola Font Freda hem realitzat diferents activitats per tal de conscienciar els alumnes de la problem\u00e0tica del canvi clim\u00e0tic. Hem vist curtmetratges sobre el problema del medi ambient, un v\u00eddeo sobre l\u2019impactant confer\u00e8ncia de l\u2019ambientalista Greta Thunbera la cimera de l\u2019ONU, la contaminaci\u00f3 al nostre planeta, la desforestaci\u00f3 dels boscos, el desgla\u00e7ament dels pols&#8230; Tamb\u00e9 hem fet un minut de silenci i hem preparat pancartes sobre l\u2019emerg\u00e8ncia clim\u00e0tica. Com a cloenda de la setmana mestres i alumnes ens hem vestit de verd i ens hem reunit al pati de l\u2019 escola per manifestar-nos amb el crit de: no tenim un planeta B o reciclar \u00e9s de valents!<\/strong><img loading=\"lazy\" decoding=\"async\" class=\"size-medium wp-image-2716 aligncenter\" src=\"https:\/\/agora.xtec.cat\/ceip-fontfreda\/wp-content\/uploads\/usu813\/2019\/09\/IMG-20190927-WA0010-300x225.jpg\" alt=\"\" width=\"300\" height=\"225\" \/><\/a><\/p>\n<p><iframe loading=\"lazy\" title=\"Lemon: un cortometraje de la Fundaci\u00f3n Reina Sofia. \u00a9 2019 - Fundaci\u00f3n Reina Sof\u00eda\" width=\"500\" height=\"281\" src=\"https:\/\/www.youtube.com\/embed\/0e2zK0v2XPA?feature=oembed\" frameborder=\"0\" allow=\"accelerometer; autoplay; clipboard-write; encrypted-media; gyroscope; picture-in-picture; web-share\" referrerpolicy=\"strict-origin-when-cross-origin\" allowfullscreen><\/iframe><\/p>\n","protected":false},"excerpt":{"rendered":"<p>Del 20 al 27 de setembre ha estat convocada &hellip;  <a href=\"https:\/\/agora.xtec.cat\/ceip-fontfreda\/general\/setmana-pel-canvi-climatic\/\" title=\"Read Setmana pel clima!\">Llegeix m\u00e9s\u00bb<\/a><\/p>\n","protected":false},"author":1,"featured_media":0,"comment_status":"open","ping_status":"closed","sticky":false,"template":"","format":"standard","meta":{"_bbp_topic_count":0,"_bbp_reply_count":0,"_bbp_total_topic_count":0,"_bbp_total_reply_count":0,"_bbp_voice_count":0,"_bbp_anonymous_reply_count":0,"_bbp_topic_count_hidden":0,"_bbp_reply_count_hidden":0,"_bbp_forum_subforum_count":0,"footnotes":""},"categories":[10,11,12,13,14,15,1,3,8,9,2,4,5],"tags":[],"class_list":["post-2715","post","type-post","status-publish","format-standard","hentry","category-1r","category-2n","category-3r","category-4t","category-5e","category-6e","category-general","category-i3","category-i4","category-i5","category-infantil","category-portada","category-primaria"],"post_mailing_queue_ids":[],"_links":{"self":[{"href":"https:\/\/agora.xtec.cat\/ceip-fontfreda\/wp-json\/wp\/v2\/posts\/2715","targetHints":{"allow":["GET"]}}],"collection":[{"href":"https:\/\/agora.xtec.cat\/ceip-fontfreda\/wp-json\/wp\/v2\/posts"}],"about":[{"href":"https:\/\/agora.xtec.cat\/ceip-fontfreda\/wp-json\/wp\/v2\/types\/post"}],"author":[{"embeddable":true,"href":"https:\/\/agora.xtec.cat\/ceip-fontfreda\/wp-json\/wp\/v2\/users\/1"}],"replies":[{"embeddable":true,"href":"https:\/\/agora.xtec.cat\/ceip-fontfreda\/wp-json\/wp\/v2\/comments?post=2715"}],"version-history":[{"count":3,"href":"https:\/\/agora.xtec.cat\/ceip-fontfreda\/wp-json\/wp\/v2\/posts\/2715\/revisions"}],"predecessor-version":[{"id":2795,"href":"https:\/\/agora.xtec.cat\/ceip-fontfreda\/wp-json\/wp\/v2\/posts\/2715\/revisions\/2795"}],"wp:attachment":[{"href":"https:\/\/agora.xtec.cat\/ceip-fontfreda\/wp-json\/wp\/v2\/media?parent=2715"}],"wp:term":[{"taxonomy":"category","embeddable":true,"href":"https:\/\/agora.xtec.cat\/ceip-fontfreda\/wp-json\/wp\/v2\/categories?post=2715"},{"taxonomy":"post_tag","embeddable":true,"href":"https:\/\/agora.xtec.cat\/ceip-fontfreda\/wp-json\/wp\/v2\/tags?post=2715"}],"curies":[{"name":"wp","href":"https:\/\/api.w.org\/{rel}","templated":true}]}}