{"id":2709,"date":"2019-09-27T15:20:26","date_gmt":"2019-09-27T13:20:26","guid":{"rendered":"http:\/\/agora.xtec.cat\/ceip-fontfreda\/?p=2709"},"modified":"2019-10-14T13:34:05","modified_gmt":"2019-10-14T11:34:05","slug":"felicitats-nora","status":"publish","type":"post","link":"https:\/\/agora.xtec.cat\/ceip-fontfreda\/general\/felicitats-nora\/","title":{"rendered":"Felicitats Nora!"},"content":{"rendered":"<p><a href=\"https:\/\/agora.xtec.cat\/ceip-fontfreda\/wp-content\/uploads\/usu813\/2019\/09\/IMG-20190927-WA0013_compress95.jpg\"><img loading=\"lazy\" decoding=\"async\" class=\"alignnone wp-image-2710\" src=\"https:\/\/agora.xtec.cat\/ceip-fontfreda\/wp-content\/uploads\/usu813\/2019\/09\/IMG-20190927-WA0013_compress95-169x300.jpg\" alt=\"\" width=\"221\" height=\"392\" \/><\/a><a href=\"https:\/\/agora.xtec.cat\/ceip-fontfreda\/wp-content\/uploads\/usu813\/2019\/09\/IMG-20190927-WA0011_compress16.jpg\"><img loading=\"lazy\" decoding=\"async\" class=\"wp-image-2712 alignleft\" src=\"https:\/\/agora.xtec.cat\/ceip-fontfreda\/wp-content\/uploads\/usu813\/2019\/09\/IMG-20190927-WA0011_compress16-169x300.jpg\" alt=\"\" width=\"216\" height=\"384\" \/><\/a><\/p>\n<p>La Nora Rivero, alumna de 5\u00e8, ha guanyat un premi al concurs de dibuix de ll\u00fadrigues del Consorci Bes\u00f3s-Tordera! Enhorabona!!!<\/p>\n","protected":false},"excerpt":{"rendered":"<p><a href=\"https:\/\/agora.xtec.cat\/ceip-fontfreda\/wp-content\/uploads\/usu813\/2019\/09\/IMG-20190927-WA0013_compress95.jpg\"><\/a><a href=\"https:\/\/agora.xtec.cat\/ceip-fontfreda\/wp-content\/uploads\/usu813\/2019\/09\/IMG-20190927-WA0011_compress16.jpg\"><\/a><br \/>\nLa Nora Rivero, alumna de 5\u00e8, ha guanyat un premi al concurs de dibuix de ll\u00fadrigues del Consorci Bes\u00f3s-Tordera! Enhorabona!!!<\/p>\n","protected":false},"author":1,"featured_media":0,"comment_status":"open","ping_status":"closed","sticky":false,"template":"","format":"standard","meta":{"_bbp_topic_count":0,"_bbp_reply_count":0,"_bbp_total_topic_count":0,"_bbp_total_reply_count":0,"_bbp_voice_count":0,"_bbp_anonymous_reply_count":0,"_bbp_topic_count_hidden":0,"_bbp_reply_count_hidden":0,"_bbp_forum_subforum_count":0,"footnotes":""},"categories":[14,1,4,5],"tags":[],"class_list":["post-2709","post","type-post","status-publish","format-standard","hentry","category-5e","category-general","category-portada","category-primaria"],"post_mailing_queue_ids":[],"_links":{"self":[{"href":"https:\/\/agora.xtec.cat\/ceip-fontfreda\/wp-json\/wp\/v2\/posts\/2709","targetHints":{"allow":["GET"]}}],"collection":[{"href":"https:\/\/agora.xtec.cat\/ceip-fontfreda\/wp-json\/wp\/v2\/posts"}],"about":[{"href":"https:\/\/agora.xtec.cat\/ceip-fontfreda\/wp-json\/wp\/v2\/types\/post"}],"author":[{"embeddable":true,"href":"https:\/\/agora.xtec.cat\/ceip-fontfreda\/wp-json\/wp\/v2\/users\/1"}],"replies":[{"embeddable":true,"href":"https:\/\/agora.xtec.cat\/ceip-fontfreda\/wp-json\/wp\/v2\/comments?post=2709"}],"version-history":[{"count":3,"href":"https:\/\/agora.xtec.cat\/ceip-fontfreda\/wp-json\/wp\/v2\/posts\/2709\/revisions"}],"predecessor-version":[{"id":2736,"href":"https:\/\/agora.xtec.cat\/ceip-fontfreda\/wp-json\/wp\/v2\/posts\/2709\/revisions\/2736"}],"wp:attachment":[{"href":"https:\/\/agora.xtec.cat\/ceip-fontfreda\/wp-json\/wp\/v2\/media?parent=2709"}],"wp:term":[{"taxonomy":"category","embeddable":true,"href":"https:\/\/agora.xtec.cat\/ceip-fontfreda\/wp-json\/wp\/v2\/categories?post=2709"},{"taxonomy":"post_tag","embeddable":true,"href":"https:\/\/agora.xtec.cat\/ceip-fontfreda\/wp-json\/wp\/v2\/tags?post=2709"}],"curies":[{"name":"wp","href":"https:\/\/api.w.org\/{rel}","templated":true}]}}