{"id":2643,"date":"2019-06-24T18:25:22","date_gmt":"2019-06-24T16:25:22","guid":{"rendered":"http:\/\/agora.xtec.cat\/ceip-fontfreda\/?p=2643"},"modified":"2019-06-24T18:25:22","modified_gmt":"2019-06-24T16:25:22","slug":"comiat-de-sise","status":"publish","type":"post","link":"https:\/\/agora.xtec.cat\/ceip-fontfreda\/general\/comiat-de-sise\/","title":{"rendered":"COMIAT DE SIS\u00c8"},"content":{"rendered":"<p>Un any m\u00e9s els nens i nenes de sis\u00e8 s&#8217;han fet grans i marxen a l&#8217;institut.<\/p>\n<p>Molta sort a tots i totes en aquesta nova etapa !<\/p>\n<p><iframe loading=\"lazy\" src=\"\/\/www.youtube.com\/embed\/chYiBfEnL18?rel=0&amp;showinfo=0\" width=\"560\" height=\"315\" frameborder=\"0\"><\/iframe><\/p>\n<p>&nbsp;<\/p>\n<p>Si voleu veure les fotos cliqueu a l&#8217;enlla\u00e7: <a href=\"https:\/\/photos.app.goo.gl\/wYmW1jyGcwETfY1A6\">https:\/\/photos.app.goo.gl\/wYmW1jyGcwETfY1A6<\/a><\/p>\n","protected":false},"excerpt":{"rendered":"<p>Un any m\u00e9s els nens i nenes de sis\u00e8 s&#8217;han fet grans i marxen a l&#8217;institut.<br \/>\nMolta sort a tots i totes en aquesta nova etapa !<\/p>\n<p>&nbsp;<br \/>\nSi voleu veure les fotos cliqueu a l&#8217;enlla\u00e7: <a href=\"https:\/\/photos.app.goo.gl\/wYmW1jyGcwETfY1A6\">https:\/\/photos.app.goo.gl\/wYmW1jyGcwETfY1A6<\/a><\/p>\n","protected":false},"author":13,"featured_media":0,"comment_status":"open","ping_status":"closed","sticky":false,"template":"","format":"standard","meta":{"_bbp_topic_count":0,"_bbp_reply_count":0,"_bbp_total_topic_count":0,"_bbp_total_reply_count":0,"_bbp_voice_count":0,"_bbp_anonymous_reply_count":0,"_bbp_topic_count_hidden":0,"_bbp_reply_count_hidden":0,"_bbp_forum_subforum_count":0,"footnotes":""},"categories":[15,1,4],"tags":[],"class_list":["post-2643","post","type-post","status-publish","format-standard","hentry","category-6e","category-general","category-portada"],"post_mailing_queue_ids":[],"_links":{"self":[{"href":"https:\/\/agora.xtec.cat\/ceip-fontfreda\/wp-json\/wp\/v2\/posts\/2643","targetHints":{"allow":["GET"]}}],"collection":[{"href":"https:\/\/agora.xtec.cat\/ceip-fontfreda\/wp-json\/wp\/v2\/posts"}],"about":[{"href":"https:\/\/agora.xtec.cat\/ceip-fontfreda\/wp-json\/wp\/v2\/types\/post"}],"author":[{"embeddable":true,"href":"https:\/\/agora.xtec.cat\/ceip-fontfreda\/wp-json\/wp\/v2\/users\/13"}],"replies":[{"embeddable":true,"href":"https:\/\/agora.xtec.cat\/ceip-fontfreda\/wp-json\/wp\/v2\/comments?post=2643"}],"version-history":[{"count":1,"href":"https:\/\/agora.xtec.cat\/ceip-fontfreda\/wp-json\/wp\/v2\/posts\/2643\/revisions"}],"predecessor-version":[{"id":2645,"href":"https:\/\/agora.xtec.cat\/ceip-fontfreda\/wp-json\/wp\/v2\/posts\/2643\/revisions\/2645"}],"wp:attachment":[{"href":"https:\/\/agora.xtec.cat\/ceip-fontfreda\/wp-json\/wp\/v2\/media?parent=2643"}],"wp:term":[{"taxonomy":"category","embeddable":true,"href":"https:\/\/agora.xtec.cat\/ceip-fontfreda\/wp-json\/wp\/v2\/categories?post=2643"},{"taxonomy":"post_tag","embeddable":true,"href":"https:\/\/agora.xtec.cat\/ceip-fontfreda\/wp-json\/wp\/v2\/tags?post=2643"}],"curies":[{"name":"wp","href":"https:\/\/api.w.org\/{rel}","templated":true}]}}