{"id":2562,"date":"2019-05-22T12:17:53","date_gmt":"2019-05-22T10:17:53","guid":{"rendered":"http:\/\/agora.xtec.cat\/ceip-fontfreda\/?p=2562"},"modified":"2019-05-22T12:19:48","modified_gmt":"2019-05-22T10:19:48","slug":"lhora-del-conte-de-la-meritxell","status":"publish","type":"post","link":"https:\/\/agora.xtec.cat\/ceip-fontfreda\/primaria\/4t\/lhora-del-conte-de-la-meritxell\/","title":{"rendered":"L&#8217;hora del conte de la Meritxell"},"content":{"rendered":"<p>La Meritxell ens ha explicat el llibre &#8220;La diversi\u00f3n de Martina&#8221;. Tracta sobre la festa d&#8217;aniversari que li preparen a la Martina. Forma part d&#8217;una col\u00b7lecci\u00f3 de llibres que est\u00e0 agradant molt, especialment al sector femen\u00ed de la classe de 4t!!<\/p>\n<p>Clica damunt la imatge per veure el v\u00eddeo de la seva explicaci\u00f3!<\/p>\n<p><a href=\"https:\/\/youtu.be\/QpHCP5PRoqA\"><img loading=\"lazy\" decoding=\"async\" class=\"alignnone size-large wp-image-2563\" src=\"https:\/\/agora.xtec.cat\/ceip-fontfreda\/wp-content\/uploads\/usu813\/2019\/05\/20190426_094243-1024x576.jpg\" alt=\"\" width=\"1024\" height=\"576\" \/><\/a><\/p>\n","protected":false},"excerpt":{"rendered":"<p>La Meritxell ens ha explicat el llibre &#8220;La diversi\u00f3n de Martina&#8221;. Tracta sobre la festa d&#8217;aniversari que li preparen a la Martina. Forma part d&#8217;una col\u00b7lecci\u00f3 de llibres que est\u00e0 agradant molt, especialment al sector femen\u00ed de la classe de 4t!!&hellip;  <a href=\"https:\/\/agora.xtec.cat\/ceip-fontfreda\/primaria\/4t\/lhora-del-conte-de-la-meritxell\/\" title=\"Read L&#8217;hora del conte de la Meritxell\">Llegeix m\u00e9s\u00bb<\/a><\/p>\n","protected":false},"author":9,"featured_media":0,"comment_status":"open","ping_status":"closed","sticky":false,"template":"","format":"standard","meta":{"_bbp_topic_count":0,"_bbp_reply_count":0,"_bbp_total_topic_count":0,"_bbp_total_reply_count":0,"_bbp_voice_count":0,"_bbp_anonymous_reply_count":0,"_bbp_topic_count_hidden":0,"_bbp_reply_count_hidden":0,"_bbp_forum_subforum_count":0,"footnotes":""},"categories":[13],"tags":[],"class_list":["post-2562","post","type-post","status-publish","format-standard","hentry","category-4t"],"post_mailing_queue_ids":[],"_links":{"self":[{"href":"https:\/\/agora.xtec.cat\/ceip-fontfreda\/wp-json\/wp\/v2\/posts\/2562","targetHints":{"allow":["GET"]}}],"collection":[{"href":"https:\/\/agora.xtec.cat\/ceip-fontfreda\/wp-json\/wp\/v2\/posts"}],"about":[{"href":"https:\/\/agora.xtec.cat\/ceip-fontfreda\/wp-json\/wp\/v2\/types\/post"}],"author":[{"embeddable":true,"href":"https:\/\/agora.xtec.cat\/ceip-fontfreda\/wp-json\/wp\/v2\/users\/9"}],"replies":[{"embeddable":true,"href":"https:\/\/agora.xtec.cat\/ceip-fontfreda\/wp-json\/wp\/v2\/comments?post=2562"}],"version-history":[{"count":2,"href":"https:\/\/agora.xtec.cat\/ceip-fontfreda\/wp-json\/wp\/v2\/posts\/2562\/revisions"}],"predecessor-version":[{"id":2566,"href":"https:\/\/agora.xtec.cat\/ceip-fontfreda\/wp-json\/wp\/v2\/posts\/2562\/revisions\/2566"}],"wp:attachment":[{"href":"https:\/\/agora.xtec.cat\/ceip-fontfreda\/wp-json\/wp\/v2\/media?parent=2562"}],"wp:term":[{"taxonomy":"category","embeddable":true,"href":"https:\/\/agora.xtec.cat\/ceip-fontfreda\/wp-json\/wp\/v2\/categories?post=2562"},{"taxonomy":"post_tag","embeddable":true,"href":"https:\/\/agora.xtec.cat\/ceip-fontfreda\/wp-json\/wp\/v2\/tags?post=2562"}],"curies":[{"name":"wp","href":"https:\/\/api.w.org\/{rel}","templated":true}]}}