{"id":2144,"date":"2019-03-30T15:46:48","date_gmt":"2019-03-30T14:46:48","guid":{"rendered":"http:\/\/agora.xtec.cat\/ceip-fontfreda\/?p=2144"},"modified":"2019-03-30T15:46:48","modified_gmt":"2019-03-30T14:46:48","slug":"tastet-de-comarques","status":"publish","type":"post","link":"https:\/\/agora.xtec.cat\/ceip-fontfreda\/primaria\/4t\/tastet-de-comarques\/","title":{"rendered":"Tastet de Comarques"},"content":{"rendered":"<p>Fa un parell de setmanes que a 4t. vam fer l&#8217;activitat &#8216;Tastet de Comarques&#8217;. Aquesta activitat ha implicat que cada alumne de 4t treballi 1 o 2 comarques de Catalunya. Cadasc\u00fa ha fet una exposici\u00f3 i ens ha explicat els aspectes m\u00e9s importants de cada comarca. Com a cloenda de l&#8217;activitat, cadasc\u00fa ha portat un plat t\u00edpic de la comarca o de les comarques que havia treballat! Ha estat una activitat molt intressant i significativa pels nens i les nens!<\/p>\n<p><a href=\"https:\/\/agora.xtec.cat\/ceip-fontfreda\/wp-content\/uploads\/usu813\/2019\/03\/20190328_173025.jpg\"><img loading=\"lazy\" decoding=\"async\" class=\"alignnone size-large wp-image-2145\" src=\"https:\/\/agora.xtec.cat\/ceip-fontfreda\/wp-content\/uploads\/usu813\/2019\/03\/20190328_173025-1024x1024.jpg\" alt=\"\" width=\"1024\" height=\"1024\" \/><\/a><a href=\"https:\/\/agora.xtec.cat\/ceip-fontfreda\/wp-content\/uploads\/usu813\/2019\/03\/20190328_173104.jpg\"><img loading=\"lazy\" decoding=\"async\" class=\"alignnone size-large wp-image-2146\" src=\"https:\/\/agora.xtec.cat\/ceip-fontfreda\/wp-content\/uploads\/usu813\/2019\/03\/20190328_173104-1024x1024.jpg\" alt=\"\" width=\"1024\" height=\"1024\" \/><\/a><a href=\"https:\/\/agora.xtec.cat\/ceip-fontfreda\/wp-content\/uploads\/usu813\/2019\/03\/20190328_173142.jpg\"><img loading=\"lazy\" decoding=\"async\" class=\"alignnone size-large wp-image-2147\" src=\"https:\/\/agora.xtec.cat\/ceip-fontfreda\/wp-content\/uploads\/usu813\/2019\/03\/20190328_173142-1024x1024.jpg\" alt=\"\" width=\"1024\" height=\"1024\" \/><\/a><a href=\"https:\/\/agora.xtec.cat\/ceip-fontfreda\/wp-content\/uploads\/usu813\/2019\/03\/20190328_173236.jpg\"><img loading=\"lazy\" decoding=\"async\" class=\"alignnone size-large wp-image-2148\" src=\"https:\/\/agora.xtec.cat\/ceip-fontfreda\/wp-content\/uploads\/usu813\/2019\/03\/20190328_173236-1024x1024.jpg\" alt=\"\" width=\"1024\" height=\"1024\" \/><\/a><a href=\"https:\/\/agora.xtec.cat\/ceip-fontfreda\/wp-content\/uploads\/usu813\/2019\/03\/20190328_173313.jpg\"><img loading=\"lazy\" decoding=\"async\" class=\"alignnone size-large wp-image-2149\" src=\"https:\/\/agora.xtec.cat\/ceip-fontfreda\/wp-content\/uploads\/usu813\/2019\/03\/20190328_173313-1024x1024.jpg\" alt=\"\" width=\"1024\" height=\"1024\" \/><\/a><a href=\"https:\/\/agora.xtec.cat\/ceip-fontfreda\/wp-content\/uploads\/usu813\/2019\/03\/20190328_173350.jpg\"><img loading=\"lazy\" decoding=\"async\" class=\"alignnone size-large wp-image-2150\" src=\"https:\/\/agora.xtec.cat\/ceip-fontfreda\/wp-content\/uploads\/usu813\/2019\/03\/20190328_173350-1024x1024.jpg\" alt=\"\" width=\"1024\" height=\"1024\" \/><\/a><a href=\"https:\/\/agora.xtec.cat\/ceip-fontfreda\/wp-content\/uploads\/usu813\/2019\/03\/20190328_173433.jpg\"><img loading=\"lazy\" decoding=\"async\" class=\"alignnone size-large wp-image-2151\" src=\"https:\/\/agora.xtec.cat\/ceip-fontfreda\/wp-content\/uploads\/usu813\/2019\/03\/20190328_173433-1024x1024.jpg\" alt=\"\" width=\"1024\" height=\"1024\" \/><\/a><a href=\"https:\/\/agora.xtec.cat\/ceip-fontfreda\/wp-content\/uploads\/usu813\/2019\/03\/20190328_174914.jpg\"><img loading=\"lazy\" decoding=\"async\" class=\"alignnone size-large wp-image-2152\" src=\"https:\/\/agora.xtec.cat\/ceip-fontfreda\/wp-content\/uploads\/usu813\/2019\/03\/20190328_174914-1024x1024.jpg\" alt=\"\" width=\"1024\" height=\"1024\" \/><\/a><a href=\"https:\/\/agora.xtec.cat\/ceip-fontfreda\/wp-content\/uploads\/usu813\/2019\/03\/20190328_175001.jpg\"><img loading=\"lazy\" decoding=\"async\" class=\"alignnone size-large wp-image-2153\" src=\"https:\/\/agora.xtec.cat\/ceip-fontfreda\/wp-content\/uploads\/usu813\/2019\/03\/20190328_175001-1024x1024.jpg\" alt=\"\" width=\"1024\" height=\"1024\" \/><\/a><a href=\"https:\/\/agora.xtec.cat\/ceip-fontfreda\/wp-content\/uploads\/usu813\/2019\/03\/20190328_175039.jpg\"><img loading=\"lazy\" decoding=\"async\" class=\"alignnone size-large wp-image-2154\" src=\"https:\/\/agora.xtec.cat\/ceip-fontfreda\/wp-content\/uploads\/usu813\/2019\/03\/20190328_175039-1024x1024.jpg\" alt=\"\" width=\"1024\" height=\"1024\" \/><\/a> <a href=\"https:\/\/agora.xtec.cat\/ceip-fontfreda\/wp-content\/uploads\/usu813\/2019\/03\/20190328_175110.jpg\"><img loading=\"lazy\" decoding=\"async\" class=\"alignnone size-large wp-image-2155\" src=\"https:\/\/agora.xtec.cat\/ceip-fontfreda\/wp-content\/uploads\/usu813\/2019\/03\/20190328_175110-1024x1024.jpg\" alt=\"\" width=\"1024\" height=\"1024\" \/><\/a><\/p>\n","protected":false},"excerpt":{"rendered":"<p>El Tastet de Comarques de 4t va ser la cloenda del Projecte de les Comarques de Catalunya que hem estudiat a I+D, i va ser tot un \u00e8xit!&hellip;  <a href=\"https:\/\/agora.xtec.cat\/ceip-fontfreda\/primaria\/4t\/tastet-de-comarques\/\" title=\"Read Tastet de Comarques\">Llegeix m\u00e9s\u00bb<\/a><\/p>\n","protected":false},"author":9,"featured_media":0,"comment_status":"open","ping_status":"closed","sticky":false,"template":"","format":"standard","meta":{"_bbp_topic_count":0,"_bbp_reply_count":0,"_bbp_total_topic_count":0,"_bbp_total_reply_count":0,"_bbp_voice_count":0,"_bbp_anonymous_reply_count":0,"_bbp_topic_count_hidden":0,"_bbp_reply_count_hidden":0,"_bbp_forum_subforum_count":0,"footnotes":""},"categories":[13],"tags":[],"class_list":["post-2144","post","type-post","status-publish","format-standard","hentry","category-4t"],"post_mailing_queue_ids":[],"_links":{"self":[{"href":"https:\/\/agora.xtec.cat\/ceip-fontfreda\/wp-json\/wp\/v2\/posts\/2144","targetHints":{"allow":["GET"]}}],"collection":[{"href":"https:\/\/agora.xtec.cat\/ceip-fontfreda\/wp-json\/wp\/v2\/posts"}],"about":[{"href":"https:\/\/agora.xtec.cat\/ceip-fontfreda\/wp-json\/wp\/v2\/types\/post"}],"author":[{"embeddable":true,"href":"https:\/\/agora.xtec.cat\/ceip-fontfreda\/wp-json\/wp\/v2\/users\/9"}],"replies":[{"embeddable":true,"href":"https:\/\/agora.xtec.cat\/ceip-fontfreda\/wp-json\/wp\/v2\/comments?post=2144"}],"version-history":[{"count":1,"href":"https:\/\/agora.xtec.cat\/ceip-fontfreda\/wp-json\/wp\/v2\/posts\/2144\/revisions"}],"predecessor-version":[{"id":2156,"href":"https:\/\/agora.xtec.cat\/ceip-fontfreda\/wp-json\/wp\/v2\/posts\/2144\/revisions\/2156"}],"wp:attachment":[{"href":"https:\/\/agora.xtec.cat\/ceip-fontfreda\/wp-json\/wp\/v2\/media?parent=2144"}],"wp:term":[{"taxonomy":"category","embeddable":true,"href":"https:\/\/agora.xtec.cat\/ceip-fontfreda\/wp-json\/wp\/v2\/categories?post=2144"},{"taxonomy":"post_tag","embeddable":true,"href":"https:\/\/agora.xtec.cat\/ceip-fontfreda\/wp-json\/wp\/v2\/tags?post=2144"}],"curies":[{"name":"wp","href":"https:\/\/api.w.org\/{rel}","templated":true}]}}