{"id":2067,"date":"2019-03-19T11:14:19","date_gmt":"2019-03-19T10:14:19","guid":{"rendered":"http:\/\/agora.xtec.cat\/ceip-fontfreda\/?p=2067"},"modified":"2019-03-19T16:10:35","modified_gmt":"2019-03-19T15:10:35","slug":"ambients-i-racons-daprenentatge","status":"publish","type":"post","link":"https:\/\/agora.xtec.cat\/ceip-fontfreda\/infantil\/ambients-i-racons-daprenentatge\/","title":{"rendered":"AMBIENTS I RACONS D&#8217;APRENENTATGE"},"content":{"rendered":"<p style=\"text-align: right\"><a href=\"https:\/\/agora.xtec.cat\/ceip-fontfreda\/wp-content\/uploads\/usu813\/2019\/03\/IMG-20190319-WA0040.jpg\"><img loading=\"lazy\" decoding=\"async\" class=\"alignnone size-large wp-image-2068\" src=\"https:\/\/agora.xtec.cat\/ceip-fontfreda\/wp-content\/uploads\/usu813\/2019\/03\/IMG-20190319-WA0040-1024x576.jpg\" alt=\"\" width=\"1024\" height=\"576\" \/><\/a> <a href=\"https:\/\/agora.xtec.cat\/ceip-fontfreda\/wp-content\/uploads\/usu813\/2019\/03\/IMG-20190319-WA0038.jpg\"><img loading=\"lazy\" decoding=\"async\" class=\"alignnone size-large wp-image-2069\" src=\"https:\/\/agora.xtec.cat\/ceip-fontfreda\/wp-content\/uploads\/usu813\/2019\/03\/IMG-20190319-WA0038-1024x576.jpg\" alt=\"\" width=\"1024\" height=\"576\" \/><\/a> <a href=\"https:\/\/agora.xtec.cat\/ceip-fontfreda\/wp-content\/uploads\/usu813\/2019\/03\/IMG-20190319-WA0039.jpg\"><img loading=\"lazy\" decoding=\"async\" class=\"alignnone size-large wp-image-2070\" src=\"https:\/\/agora.xtec.cat\/ceip-fontfreda\/wp-content\/uploads\/usu813\/2019\/03\/IMG-20190319-WA0039-1024x576.jpg\" alt=\"\" width=\"1024\" height=\"576\" \/><\/a> <a href=\"https:\/\/agora.xtec.cat\/ceip-fontfreda\/wp-content\/uploads\/usu813\/2019\/03\/IMG-20190319-WA0035.jpg\"><img loading=\"lazy\" decoding=\"async\" class=\"alignnone size-large wp-image-2071\" src=\"https:\/\/agora.xtec.cat\/ceip-fontfreda\/wp-content\/uploads\/usu813\/2019\/03\/IMG-20190319-WA0035-1024x576.jpg\" alt=\"\" width=\"1024\" height=\"576\" \/><\/a> <a href=\"https:\/\/agora.xtec.cat\/ceip-fontfreda\/wp-content\/uploads\/usu813\/2019\/03\/IMG-20190319-WA0036.jpg\"><img loading=\"lazy\" decoding=\"async\" class=\"alignnone size-large wp-image-2072\" src=\"https:\/\/agora.xtec.cat\/ceip-fontfreda\/wp-content\/uploads\/usu813\/2019\/03\/IMG-20190319-WA0036-1024x576.jpg\" alt=\"\" width=\"1024\" height=\"576\" \/><\/a> <a href=\"https:\/\/agora.xtec.cat\/ceip-fontfreda\/wp-content\/uploads\/usu813\/2019\/03\/IMG-20190319-WA0037.jpg\"><img loading=\"lazy\" decoding=\"async\" class=\"alignnone size-large wp-image-2073\" src=\"https:\/\/agora.xtec.cat\/ceip-fontfreda\/wp-content\/uploads\/usu813\/2019\/03\/IMG-20190319-WA0037-1024x576.jpg\" alt=\"\" width=\"1024\" height=\"576\" \/><\/a><\/p>\n","protected":false},"excerpt":{"rendered":"<p>A les tardes els nens i nenes d&#8217;infantil ens barregem per fer racons i ambients.<br \/>\nRacons de llengua, matem\u00e0tiques, joc simb\u00f2lic, grafisme i un amb fam\u00edlies (a les que estem molt agra\u00efdes).<br \/>\nAmbients com minimons, sensorial, art\u00edstic, de construccions i experimental.&hellip;  <a href=\"https:\/\/agora.xtec.cat\/ceip-fontfreda\/infantil\/ambients-i-racons-daprenentatge\/\" title=\"Read AMBIENTS I RACONS D&#8217;APRENENTATGE\">Llegeix m\u00e9s\u00bb<\/a><\/p>\n","protected":false},"author":22,"featured_media":0,"comment_status":"open","ping_status":"closed","sticky":false,"template":"","format":"standard","meta":{"_bbp_topic_count":0,"_bbp_reply_count":0,"_bbp_total_topic_count":0,"_bbp_total_reply_count":0,"_bbp_voice_count":0,"_bbp_anonymous_reply_count":0,"_bbp_topic_count_hidden":0,"_bbp_reply_count_hidden":0,"_bbp_forum_subforum_count":0,"footnotes":""},"categories":[2],"tags":[],"class_list":["post-2067","post","type-post","status-publish","format-standard","hentry","category-infantil"],"post_mailing_queue_ids":[],"_links":{"self":[{"href":"https:\/\/agora.xtec.cat\/ceip-fontfreda\/wp-json\/wp\/v2\/posts\/2067","targetHints":{"allow":["GET"]}}],"collection":[{"href":"https:\/\/agora.xtec.cat\/ceip-fontfreda\/wp-json\/wp\/v2\/posts"}],"about":[{"href":"https:\/\/agora.xtec.cat\/ceip-fontfreda\/wp-json\/wp\/v2\/types\/post"}],"author":[{"embeddable":true,"href":"https:\/\/agora.xtec.cat\/ceip-fontfreda\/wp-json\/wp\/v2\/users\/22"}],"replies":[{"embeddable":true,"href":"https:\/\/agora.xtec.cat\/ceip-fontfreda\/wp-json\/wp\/v2\/comments?post=2067"}],"version-history":[{"count":2,"href":"https:\/\/agora.xtec.cat\/ceip-fontfreda\/wp-json\/wp\/v2\/posts\/2067\/revisions"}],"predecessor-version":[{"id":2084,"href":"https:\/\/agora.xtec.cat\/ceip-fontfreda\/wp-json\/wp\/v2\/posts\/2067\/revisions\/2084"}],"wp:attachment":[{"href":"https:\/\/agora.xtec.cat\/ceip-fontfreda\/wp-json\/wp\/v2\/media?parent=2067"}],"wp:term":[{"taxonomy":"category","embeddable":true,"href":"https:\/\/agora.xtec.cat\/ceip-fontfreda\/wp-json\/wp\/v2\/categories?post=2067"},{"taxonomy":"post_tag","embeddable":true,"href":"https:\/\/agora.xtec.cat\/ceip-fontfreda\/wp-json\/wp\/v2\/tags?post=2067"}],"curies":[{"name":"wp","href":"https:\/\/api.w.org\/{rel}","templated":true}]}}