{"id":2020,"date":"2019-03-13T20:58:32","date_gmt":"2019-03-13T19:58:32","guid":{"rendered":"http:\/\/agora.xtec.cat\/ceip-fontfreda\/?p=2020"},"modified":"2019-03-13T20:58:32","modified_gmt":"2019-03-13T19:58:32","slug":"projecte-demprenedoria-sos-mona-5e-b","status":"publish","type":"post","link":"https:\/\/agora.xtec.cat\/ceip-fontfreda\/primaria\/projecte-demprenedoria-sos-mona-5e-b\/","title":{"rendered":"Projecte d&#8217;emprenedoria SOS MONA (5\u00e8 B)"},"content":{"rendered":"<p>Al novembre vam comen\u00e7ar un projecte d&#8217;emprenedoria per apadrinar diferents primats de la Fundaci\u00f3 Mona (Riudellots de la Selva, Girona).<\/p>\n<p>Despr\u00e9s de moltes accions: muntatge de paradetes, sorteig de paneres&#8230;Hem pogut apadrinar 5 ximpanz\u00e9s de la Fundaci\u00f3 durant un any i 1, durant 2 anys. La recaudaci\u00f3 feta del projecte ha estat de 935\u20ac.<\/p>\n<p>Molt bona feina!!!<\/p>\n<p><a href=\"https:\/\/agora.xtec.cat\/ceip-fontfreda\/wp-content\/uploads\/usu813\/2019\/03\/1552506758111229.jpg\"><img loading=\"lazy\" decoding=\"async\" class=\"size-medium wp-image-2019 aligncenter\" src=\"https:\/\/agora.xtec.cat\/ceip-fontfreda\/wp-content\/uploads\/usu813\/2019\/03\/1552506758111229-300x293.jpg\" alt=\"\" width=\"300\" height=\"293\" \/><\/a><\/p>\n<p><em><a href=\"https:\/\/agora.xtec.cat\/ceip-fontfreda\/wp-content\/uploads\/usu813\/2019\/03\/1552506758277207.jpg\"><img loading=\"lazy\" decoding=\"async\" class=\"aligncenter\" src=\"https:\/\/agora.xtec.cat\/ceip-fontfreda\/wp-content\/uploads\/usu813\/2019\/03\/1552506758277207-300x190.jpg\" alt=\"\" width=\"300\" height=\"190\" \/><\/a><\/em><\/p>\n","protected":false},"excerpt":{"rendered":"<p>Al novembre vam comen\u00e7ar un projecte d&#8217;emprenedoria per apadrinar diferents primats de la Fundaci\u00f3 Mona (Riudellots de la Selva, Girona).<br \/>\nDespr\u00e9s de moltes accions: muntatge de paradetes, sorteig de paneres&#8230;Hem pogut apadrinar 5 ximpanz\u00e9s de la Fundaci\u00f3 durant un any i 1, durant 2 anys. La&hellip;  <a href=\"https:\/\/agora.xtec.cat\/ceip-fontfreda\/primaria\/projecte-demprenedoria-sos-mona-5e-b\/\" title=\"Read Projecte d&#8217;emprenedoria SOS MONA (5\u00e8 B)\">Llegeix m\u00e9s\u00bb<\/a><\/p>\n","protected":false},"author":1,"featured_media":0,"comment_status":"open","ping_status":"closed","sticky":false,"template":"","format":"standard","meta":{"_bbp_topic_count":0,"_bbp_reply_count":0,"_bbp_total_topic_count":0,"_bbp_total_reply_count":0,"_bbp_voice_count":0,"_bbp_anonymous_reply_count":0,"_bbp_topic_count_hidden":0,"_bbp_reply_count_hidden":0,"_bbp_forum_subforum_count":0,"footnotes":""},"categories":[14,5],"tags":[],"class_list":["post-2020","post","type-post","status-publish","format-standard","hentry","category-5e","category-primaria"],"post_mailing_queue_ids":[],"_links":{"self":[{"href":"https:\/\/agora.xtec.cat\/ceip-fontfreda\/wp-json\/wp\/v2\/posts\/2020","targetHints":{"allow":["GET"]}}],"collection":[{"href":"https:\/\/agora.xtec.cat\/ceip-fontfreda\/wp-json\/wp\/v2\/posts"}],"about":[{"href":"https:\/\/agora.xtec.cat\/ceip-fontfreda\/wp-json\/wp\/v2\/types\/post"}],"author":[{"embeddable":true,"href":"https:\/\/agora.xtec.cat\/ceip-fontfreda\/wp-json\/wp\/v2\/users\/1"}],"replies":[{"embeddable":true,"href":"https:\/\/agora.xtec.cat\/ceip-fontfreda\/wp-json\/wp\/v2\/comments?post=2020"}],"version-history":[{"count":1,"href":"https:\/\/agora.xtec.cat\/ceip-fontfreda\/wp-json\/wp\/v2\/posts\/2020\/revisions"}],"predecessor-version":[{"id":2021,"href":"https:\/\/agora.xtec.cat\/ceip-fontfreda\/wp-json\/wp\/v2\/posts\/2020\/revisions\/2021"}],"wp:attachment":[{"href":"https:\/\/agora.xtec.cat\/ceip-fontfreda\/wp-json\/wp\/v2\/media?parent=2020"}],"wp:term":[{"taxonomy":"category","embeddable":true,"href":"https:\/\/agora.xtec.cat\/ceip-fontfreda\/wp-json\/wp\/v2\/categories?post=2020"},{"taxonomy":"post_tag","embeddable":true,"href":"https:\/\/agora.xtec.cat\/ceip-fontfreda\/wp-json\/wp\/v2\/tags?post=2020"}],"curies":[{"name":"wp","href":"https:\/\/api.w.org\/{rel}","templated":true}]}}