{"id":2003,"date":"2019-03-12T18:29:56","date_gmt":"2019-03-12T17:29:56","guid":{"rendered":"http:\/\/agora.xtec.cat\/ceip-fontfreda\/?p=2003"},"modified":"2019-03-12T18:29:56","modified_gmt":"2019-03-12T17:29:56","slug":"inaugurem-laeroport-font-freda-%f0%9f%9b%ab","status":"publish","type":"post","link":"https:\/\/agora.xtec.cat\/ceip-fontfreda\/general\/inaugurem-laeroport-font-freda-%f0%9f%9b%ab\/","title":{"rendered":"Inaugurem l&#8217;aeroport Font Freda! ?"},"content":{"rendered":"<p>Ahir dilluns, vam inaugurar l&#8217;exposici\u00f3 sobre la &#8220;Volta al m\u00f3n&#8221; amb tots els treballs realitzats per l&#8217;alumnat de tota l&#8217;escola durant la Setmana Cultural.<\/p>\n<p>Vine i endinsat a l&#8217;aeroport de l&#8217;escola i podr\u00e0s descobrir els diferents continents. A m\u00e9s, pots participar, cercant els personatges de Wally, que hi ha amagats arreu. Els podr\u00e0s trobar tots?<\/p>\n<p><a href=\"https:\/\/agora.xtec.cat\/ceip-fontfreda\/wp-content\/uploads\/usu813\/2019\/03\/1552411082065698.jpg\"><img loading=\"lazy\" decoding=\"async\" class=\"size-medium wp-image-2005 aligncenter\" src=\"https:\/\/agora.xtec.cat\/ceip-fontfreda\/wp-content\/uploads\/usu813\/2019\/03\/1552411082065698-300x225.jpg\" alt=\"\" width=\"300\" height=\"225\" \/><\/a> <a href=\"https:\/\/agora.xtec.cat\/ceip-fontfreda\/wp-content\/uploads\/usu813\/2019\/03\/1552411082028719.jpg\"><img loading=\"lazy\" decoding=\"async\" class=\"size-medium wp-image-2006 aligncenter\" src=\"https:\/\/agora.xtec.cat\/ceip-fontfreda\/wp-content\/uploads\/usu813\/2019\/03\/1552411082028719-300x225.jpg\" alt=\"\" width=\"300\" height=\"225\" \/><\/a> <a href=\"https:\/\/agora.xtec.cat\/ceip-fontfreda\/wp-content\/uploads\/usu813\/2019\/03\/1552411081983282.jpg\"><img loading=\"lazy\" decoding=\"async\" class=\"size-medium wp-image-2007 aligncenter\" src=\"https:\/\/agora.xtec.cat\/ceip-fontfreda\/wp-content\/uploads\/usu813\/2019\/03\/1552411081983282-300x225.jpg\" alt=\"\" width=\"300\" height=\"225\" \/><\/a> <a href=\"https:\/\/agora.xtec.cat\/ceip-fontfreda\/wp-content\/uploads\/usu813\/2019\/03\/1552411081944496.jpg\"><img loading=\"lazy\" decoding=\"async\" class=\"size-medium wp-image-2008 aligncenter\" src=\"https:\/\/agora.xtec.cat\/ceip-fontfreda\/wp-content\/uploads\/usu813\/2019\/03\/1552411081944496-225x300.jpg\" alt=\"\" width=\"225\" height=\"300\" \/><\/a> <a href=\"https:\/\/agora.xtec.cat\/ceip-fontfreda\/wp-content\/uploads\/usu813\/2019\/03\/1552411081908651.jpg\"><img loading=\"lazy\" decoding=\"async\" class=\"size-medium wp-image-2009 aligncenter\" src=\"https:\/\/agora.xtec.cat\/ceip-fontfreda\/wp-content\/uploads\/usu813\/2019\/03\/1552411081908651-225x300.jpg\" alt=\"\" width=\"225\" height=\"300\" \/><\/a> <a href=\"https:\/\/agora.xtec.cat\/ceip-fontfreda\/wp-content\/uploads\/usu813\/2019\/03\/1552411081876440.jpg\"><img loading=\"lazy\" decoding=\"async\" class=\"size-medium wp-image-2010 aligncenter\" src=\"https:\/\/agora.xtec.cat\/ceip-fontfreda\/wp-content\/uploads\/usu813\/2019\/03\/1552411081876440-300x225.jpg\" alt=\"\" width=\"300\" height=\"225\" \/><\/a> <a href=\"https:\/\/agora.xtec.cat\/ceip-fontfreda\/wp-content\/uploads\/usu813\/2019\/03\/1552411081837189.jpg\"><img loading=\"lazy\" decoding=\"async\" class=\"size-medium wp-image-2011 aligncenter\" src=\"https:\/\/agora.xtec.cat\/ceip-fontfreda\/wp-content\/uploads\/usu813\/2019\/03\/1552411081837189-300x225.jpg\" alt=\"\" width=\"300\" height=\"225\" \/><\/a><\/p>\n","protected":false},"excerpt":{"rendered":"<p>Ahir dilluns, vam inaugurar l&#8217;exposici\u00f3 sobre la &#8220;Volta al m\u00f3n&#8221; amb tots els treballs realitzats per l&#8217;alumnat de tota l&#8217;escola durant la Setmana Cultural.<br \/>\nVine i endinsat a l&#8217;aeroport de l&#8217;escola i podr\u00e0s descobrir els diferents continents. A m\u00e9s, pots participar, cercant els personatges de Wally,&hellip;  <a href=\"https:\/\/agora.xtec.cat\/ceip-fontfreda\/general\/inaugurem-laeroport-font-freda-%f0%9f%9b%ab\/\" title=\"Read Inaugurem l&#8217;aeroport Font Freda! ?\">Llegeix m\u00e9s\u00bb<\/a><\/p>\n","protected":false},"author":1,"featured_media":0,"comment_status":"open","ping_status":"closed","sticky":false,"template":"","format":"standard","meta":{"_bbp_topic_count":0,"_bbp_reply_count":0,"_bbp_total_topic_count":0,"_bbp_total_reply_count":0,"_bbp_voice_count":0,"_bbp_anonymous_reply_count":0,"_bbp_topic_count_hidden":0,"_bbp_reply_count_hidden":0,"_bbp_forum_subforum_count":0,"footnotes":""},"categories":[10,11,12,13,14,15,7,1,3,8,9,2,4,5],"tags":[],"class_list":["post-2003","post","type-post","status-publish","format-standard","hentry","category-1r","category-2n","category-3r","category-4t","category-5e","category-6e","category-afa","category-general","category-i3","category-i4","category-i5","category-infantil","category-portada","category-primaria"],"post_mailing_queue_ids":[],"_links":{"self":[{"href":"https:\/\/agora.xtec.cat\/ceip-fontfreda\/wp-json\/wp\/v2\/posts\/2003","targetHints":{"allow":["GET"]}}],"collection":[{"href":"https:\/\/agora.xtec.cat\/ceip-fontfreda\/wp-json\/wp\/v2\/posts"}],"about":[{"href":"https:\/\/agora.xtec.cat\/ceip-fontfreda\/wp-json\/wp\/v2\/types\/post"}],"author":[{"embeddable":true,"href":"https:\/\/agora.xtec.cat\/ceip-fontfreda\/wp-json\/wp\/v2\/users\/1"}],"replies":[{"embeddable":true,"href":"https:\/\/agora.xtec.cat\/ceip-fontfreda\/wp-json\/wp\/v2\/comments?post=2003"}],"version-history":[{"count":1,"href":"https:\/\/agora.xtec.cat\/ceip-fontfreda\/wp-json\/wp\/v2\/posts\/2003\/revisions"}],"predecessor-version":[{"id":2012,"href":"https:\/\/agora.xtec.cat\/ceip-fontfreda\/wp-json\/wp\/v2\/posts\/2003\/revisions\/2012"}],"wp:attachment":[{"href":"https:\/\/agora.xtec.cat\/ceip-fontfreda\/wp-json\/wp\/v2\/media?parent=2003"}],"wp:term":[{"taxonomy":"category","embeddable":true,"href":"https:\/\/agora.xtec.cat\/ceip-fontfreda\/wp-json\/wp\/v2\/categories?post=2003"},{"taxonomy":"post_tag","embeddable":true,"href":"https:\/\/agora.xtec.cat\/ceip-fontfreda\/wp-json\/wp\/v2\/tags?post=2003"}],"curies":[{"name":"wp","href":"https:\/\/api.w.org\/{rel}","templated":true}]}}