{"id":1994,"date":"2019-03-09T17:10:45","date_gmt":"2019-03-09T16:10:45","guid":{"rendered":"http:\/\/agora.xtec.cat\/ceip-fontfreda\/?p=1994"},"modified":"2019-03-09T17:16:24","modified_gmt":"2019-03-09T16:16:24","slug":"lhora-dl-conte-de-la-sonia","status":"publish","type":"post","link":"https:\/\/agora.xtec.cat\/ceip-fontfreda\/primaria\/4t\/lhora-dl-conte-de-la-sonia\/","title":{"rendered":"L&#8217;hora del conte de la Sonia"},"content":{"rendered":"<p>La Sonia ens ha explicat una hist\u00f2ria molt interessant durant la seva estona de l&#8217;hora del conte!<\/p>\n<p>I com que s&#8217;ha quedat amb la intriga de qu\u00e8 passar\u00e0 despr\u00e9s&#8230; doncs es llegir\u00e0 la continuaci\u00f3 del llibre!<\/p>\n<p>I a m\u00e9s, ja t\u00e9 una llista de companys i companyes que li han demanat el seu llibre en pr\u00e9stec!<\/p>\n<p>Som-hi! Llegir ens fa cr\u00e9ixer!<\/p>\n<p><a href=\"https:\/\/youtu.be\/rZ76sWpWoF0\"><img loading=\"lazy\" decoding=\"async\" class=\"alignnone size-large wp-image-1995\" src=\"https:\/\/agora.xtec.cat\/ceip-fontfreda\/wp-content\/uploads\/usu813\/2019\/03\/20190307_114640-1024x576.jpg\" alt=\"\" width=\"1024\" height=\"576\" \/><\/a><\/p>\n","protected":false},"excerpt":{"rendered":"<p>La Sonia ens ha explicat una hist\u00f2ria molt interessant durant la seva estona de l&#8217;hora del conte!<\/p>\n<p>I com que s&#8217;ha quedat amb la intriga de qu\u00e8 passar\u00e0 despr\u00e9s&#8230; doncs es llegir\u00e0 la continuaci\u00f3 del llibre!<\/p>\n<p>I a m\u00e9s, ja t\u00e9 una llista de companys i companyes que li han demanat el seu llibre en pr\u00e9stec!<\/p>\n<p>Som-hi! Llegir ens fa cr\u00e9ixer!&hellip;  <a href=\"https:\/\/agora.xtec.cat\/ceip-fontfreda\/primaria\/4t\/lhora-dl-conte-de-la-sonia\/\" title=\"Read L&#8217;hora del conte de la Sonia\">Llegeix m\u00e9s\u00bb<\/a><\/p>\n","protected":false},"author":9,"featured_media":0,"comment_status":"open","ping_status":"closed","sticky":false,"template":"","format":"standard","meta":{"_bbp_topic_count":0,"_bbp_reply_count":0,"_bbp_total_topic_count":0,"_bbp_total_reply_count":0,"_bbp_voice_count":0,"_bbp_anonymous_reply_count":0,"_bbp_topic_count_hidden":0,"_bbp_reply_count_hidden":0,"_bbp_forum_subforum_count":0,"footnotes":""},"categories":[13],"tags":[],"class_list":["post-1994","post","type-post","status-publish","format-standard","hentry","category-4t"],"post_mailing_queue_ids":[],"_links":{"self":[{"href":"https:\/\/agora.xtec.cat\/ceip-fontfreda\/wp-json\/wp\/v2\/posts\/1994","targetHints":{"allow":["GET"]}}],"collection":[{"href":"https:\/\/agora.xtec.cat\/ceip-fontfreda\/wp-json\/wp\/v2\/posts"}],"about":[{"href":"https:\/\/agora.xtec.cat\/ceip-fontfreda\/wp-json\/wp\/v2\/types\/post"}],"author":[{"embeddable":true,"href":"https:\/\/agora.xtec.cat\/ceip-fontfreda\/wp-json\/wp\/v2\/users\/9"}],"replies":[{"embeddable":true,"href":"https:\/\/agora.xtec.cat\/ceip-fontfreda\/wp-json\/wp\/v2\/comments?post=1994"}],"version-history":[{"count":2,"href":"https:\/\/agora.xtec.cat\/ceip-fontfreda\/wp-json\/wp\/v2\/posts\/1994\/revisions"}],"predecessor-version":[{"id":2002,"href":"https:\/\/agora.xtec.cat\/ceip-fontfreda\/wp-json\/wp\/v2\/posts\/1994\/revisions\/2002"}],"wp:attachment":[{"href":"https:\/\/agora.xtec.cat\/ceip-fontfreda\/wp-json\/wp\/v2\/media?parent=1994"}],"wp:term":[{"taxonomy":"category","embeddable":true,"href":"https:\/\/agora.xtec.cat\/ceip-fontfreda\/wp-json\/wp\/v2\/categories?post=1994"},{"taxonomy":"post_tag","embeddable":true,"href":"https:\/\/agora.xtec.cat\/ceip-fontfreda\/wp-json\/wp\/v2\/tags?post=1994"}],"curies":[{"name":"wp","href":"https:\/\/api.w.org\/{rel}","templated":true}]}}