{"id":1800,"date":"2019-02-25T21:37:27","date_gmt":"2019-02-25T20:37:27","guid":{"rendered":"http:\/\/agora.xtec.cat\/ceip-fontfreda\/?p=1800"},"modified":"2019-02-25T21:40:28","modified_gmt":"2019-02-25T20:40:28","slug":"prego","status":"publish","type":"post","link":"https:\/\/agora.xtec.cat\/ceip-fontfreda\/general\/prego\/","title":{"rendered":"PREG\u00d3 !!!"},"content":{"rendered":"<p>Els alumnes de cinqu\u00e8 han estat els encarregats de fer el Preg\u00f3 donant la benvinguda al Carnestoltes.<\/p>\n<p>Si voleu veure com va quedar, cliqueu a la foto:<\/p>\n<p><a href=\"http:\/\/petitsgransmusicsfontfreda.blogspot.com\/2019\/02\/donem-la-benvinguda-al-carnaval-amb-el.html\"><img loading=\"lazy\" decoding=\"async\" class=\"alignnone size-large wp-image-1801\" src=\"https:\/\/agora.xtec.cat\/ceip-fontfreda\/wp-content\/uploads\/usu813\/2019\/02\/batucada-1-1024x768.jpg\" alt=\"\" width=\"1024\" height=\"768\" \/><\/a><\/p>\n","protected":false},"excerpt":{"rendered":"<p>Els alumnes de cinqu\u00e8 han estat els encarregats de fer el Preg\u00f3 donant la benvinguda al Carnestoltes.<br \/>\nSi voleu veure com va quedar, cliqueu a la foto:<br \/>\n<a href=\"http:\/\/petitsgransmusicsfontfreda.blogspot.com\/2019\/02\/donem-la-benvinguda-al-carnaval-amb-el.html\"><\/a><\/p>\n","protected":false},"author":13,"featured_media":0,"comment_status":"open","ping_status":"closed","sticky":false,"template":"","format":"standard","meta":{"_bbp_topic_count":0,"_bbp_reply_count":0,"_bbp_total_topic_count":0,"_bbp_total_reply_count":0,"_bbp_voice_count":0,"_bbp_anonymous_reply_count":0,"_bbp_topic_count_hidden":0,"_bbp_reply_count_hidden":0,"_bbp_forum_subforum_count":0,"footnotes":""},"categories":[1,4],"tags":[],"class_list":["post-1800","post","type-post","status-publish","format-standard","hentry","category-general","category-portada"],"post_mailing_queue_ids":[],"_links":{"self":[{"href":"https:\/\/agora.xtec.cat\/ceip-fontfreda\/wp-json\/wp\/v2\/posts\/1800","targetHints":{"allow":["GET"]}}],"collection":[{"href":"https:\/\/agora.xtec.cat\/ceip-fontfreda\/wp-json\/wp\/v2\/posts"}],"about":[{"href":"https:\/\/agora.xtec.cat\/ceip-fontfreda\/wp-json\/wp\/v2\/types\/post"}],"author":[{"embeddable":true,"href":"https:\/\/agora.xtec.cat\/ceip-fontfreda\/wp-json\/wp\/v2\/users\/13"}],"replies":[{"embeddable":true,"href":"https:\/\/agora.xtec.cat\/ceip-fontfreda\/wp-json\/wp\/v2\/comments?post=1800"}],"version-history":[{"count":2,"href":"https:\/\/agora.xtec.cat\/ceip-fontfreda\/wp-json\/wp\/v2\/posts\/1800\/revisions"}],"predecessor-version":[{"id":1803,"href":"https:\/\/agora.xtec.cat\/ceip-fontfreda\/wp-json\/wp\/v2\/posts\/1800\/revisions\/1803"}],"wp:attachment":[{"href":"https:\/\/agora.xtec.cat\/ceip-fontfreda\/wp-json\/wp\/v2\/media?parent=1800"}],"wp:term":[{"taxonomy":"category","embeddable":true,"href":"https:\/\/agora.xtec.cat\/ceip-fontfreda\/wp-json\/wp\/v2\/categories?post=1800"},{"taxonomy":"post_tag","embeddable":true,"href":"https:\/\/agora.xtec.cat\/ceip-fontfreda\/wp-json\/wp\/v2\/tags?post=1800"}],"curies":[{"name":"wp","href":"https:\/\/api.w.org\/{rel}","templated":true}]}}