{"id":1761,"date":"2019-02-23T09:15:21","date_gmt":"2019-02-23T08:15:21","guid":{"rendered":"http:\/\/agora.xtec.cat\/ceip-fontfreda\/?p=1761"},"modified":"2019-02-23T09:15:21","modified_gmt":"2019-02-23T08:15:21","slug":"carnaval-2019","status":"publish","type":"post","link":"https:\/\/agora.xtec.cat\/ceip-fontfreda\/general\/carnaval-2019\/","title":{"rendered":"Carnaval 2019!!!"},"content":{"rendered":"<p>El Carnaval ja ha arribat i l&#8217;alumnat de 5\u00e8 A i 5\u00e8 B, el preg\u00f3 ens ha presentat. I, els alumnes de 4t, les consignes ens han explicat!!<\/p>\n<p style=\"text-align: center;\"><strong>VISCA!!!!!<\/strong><\/p>\n<p><a href=\"https:\/\/agora.xtec.cat\/ceip-fontfreda\/wp-content\/uploads\/usu813\/2019\/02\/1550908827857971.jpg\"><img loading=\"lazy\" decoding=\"async\" class=\"size-medium wp-image-1769 aligncenter\" src=\"https:\/\/agora.xtec.cat\/ceip-fontfreda\/wp-content\/uploads\/usu813\/2019\/02\/1550908827857971-225x300.jpg\" alt=\"\" width=\"225\" height=\"300\" \/><\/a><a href=\"https:\/\/agora.xtec.cat\/ceip-fontfreda\/wp-content\/uploads\/usu813\/2019\/02\/1550908827482801-2.jpg\"><img loading=\"lazy\" decoding=\"async\" class=\"size-medium wp-image-1764 aligncenter\" src=\"https:\/\/agora.xtec.cat\/ceip-fontfreda\/wp-content\/uploads\/usu813\/2019\/02\/1550908827482801-2-300x225.jpg\" alt=\"\" width=\"300\" height=\"225\" \/><\/a><a href=\"https:\/\/agora.xtec.cat\/ceip-fontfreda\/wp-content\/uploads\/usu813\/2019\/02\/1550908827766717.jpg\"><img loading=\"lazy\" decoding=\"async\" class=\"alignnone size-medium wp-image-1767 aligncenter\" src=\"https:\/\/agora.xtec.cat\/ceip-fontfreda\/wp-content\/uploads\/usu813\/2019\/02\/1550908827766717-300x225.jpg\" alt=\"\" width=\"300\" height=\"225\" \/><\/a><\/p>\n<p><a href=\"https:\/\/agora.xtec.cat\/ceip-fontfreda\/wp-content\/uploads\/usu813\/2019\/02\/1550908827721443.jpg\"><img loading=\"lazy\" decoding=\"async\" class=\"alignnone size-medium wp-image-1766 aligncenter\" src=\"https:\/\/agora.xtec.cat\/ceip-fontfreda\/wp-content\/uploads\/usu813\/2019\/02\/1550908827721443-300x225.jpg\" alt=\"\" width=\"300\" height=\"225\" \/><\/a><\/p>\n<p><a href=\"https:\/\/agora.xtec.cat\/ceip-fontfreda\/wp-content\/uploads\/usu813\/2019\/02\/155090882781951.jpg\"><img loading=\"lazy\" decoding=\"async\" class=\"alignnone size-medium wp-image-1768 aligncenter\" src=\"https:\/\/agora.xtec.cat\/ceip-fontfreda\/wp-content\/uploads\/usu813\/2019\/02\/155090882781951-300x225.jpg\" alt=\"\" width=\"300\" height=\"225\" \/><\/a><\/p>\n<p style=\"text-align: center;\"><a href=\"https:\/\/agora.xtec.cat\/ceip-fontfreda\/wp-content\/uploads\/usu813\/2019\/02\/1550908827897347.jpg\"><img loading=\"lazy\" decoding=\"async\" class=\"alignnone size-medium wp-image-1765\" src=\"https:\/\/agora.xtec.cat\/ceip-fontfreda\/wp-content\/uploads\/usu813\/2019\/02\/1550908827897347-225x300.jpg\" alt=\"\" width=\"225\" height=\"300\" \/><\/a><\/p>\n","protected":false},"excerpt":{"rendered":"<p>El Carnaval ja ha arribat i l&#8217;alumnat de 5\u00e8 A i 5\u00e8 B, el preg\u00f3 ens ha presentat. I, els alumnes de 4t, les consignes ens han explicat!!<br \/>\nVISCA!!!!!<br \/>\n<a href=\"https:\/\/agora.xtec.cat\/ceip-fontfreda\/wp-content\/uploads\/usu813\/2019\/02\/1550908827857971.jpg\"><\/a><a href=\"https:\/\/agora.xtec.cat\/ceip-fontfreda\/wp-content\/uploads\/usu813\/2019\/02\/1550908827482801-2.jpg\"><\/a><a href=\"https:\/\/agora.xtec.cat\/ceip-fontfreda\/wp-content\/uploads\/usu813\/2019\/02\/1550908827766717.jpg\"><\/a><br \/>\n<a href=\"https:\/\/agora.xtec.cat\/ceip-fontfreda\/wp-content\/uploads\/usu813\/2019\/02\/1550908827721443.jpg\"><\/a><br \/>\n<a href=\"https:\/\/agora.xtec.cat\/ceip-fontfreda\/wp-content\/uploads\/usu813\/2019\/02\/155090882781951.jpg\"><\/a><br \/>\n<a href=\"https:\/\/agora.xtec.cat\/ceip-fontfreda\/wp-content\/uploads\/usu813\/2019\/02\/1550908827897347.jpg\"><\/a><\/p>\n","protected":false},"author":1,"featured_media":0,"comment_status":"open","ping_status":"closed","sticky":false,"template":"","format":"standard","meta":{"_bbp_topic_count":0,"_bbp_reply_count":0,"_bbp_total_topic_count":0,"_bbp_total_reply_count":0,"_bbp_voice_count":0,"_bbp_anonymous_reply_count":0,"_bbp_topic_count_hidden":0,"_bbp_reply_count_hidden":0,"_bbp_forum_subforum_count":0,"footnotes":""},"categories":[10,11,12,13,14,15,7,1,3,8,9,2,4,5],"tags":[],"class_list":["post-1761","post","type-post","status-publish","format-standard","hentry","category-1r","category-2n","category-3r","category-4t","category-5e","category-6e","category-afa","category-general","category-i3","category-i4","category-i5","category-infantil","category-portada","category-primaria"],"post_mailing_queue_ids":[],"_links":{"self":[{"href":"https:\/\/agora.xtec.cat\/ceip-fontfreda\/wp-json\/wp\/v2\/posts\/1761","targetHints":{"allow":["GET"]}}],"collection":[{"href":"https:\/\/agora.xtec.cat\/ceip-fontfreda\/wp-json\/wp\/v2\/posts"}],"about":[{"href":"https:\/\/agora.xtec.cat\/ceip-fontfreda\/wp-json\/wp\/v2\/types\/post"}],"author":[{"embeddable":true,"href":"https:\/\/agora.xtec.cat\/ceip-fontfreda\/wp-json\/wp\/v2\/users\/1"}],"replies":[{"embeddable":true,"href":"https:\/\/agora.xtec.cat\/ceip-fontfreda\/wp-json\/wp\/v2\/comments?post=1761"}],"version-history":[{"count":1,"href":"https:\/\/agora.xtec.cat\/ceip-fontfreda\/wp-json\/wp\/v2\/posts\/1761\/revisions"}],"predecessor-version":[{"id":1770,"href":"https:\/\/agora.xtec.cat\/ceip-fontfreda\/wp-json\/wp\/v2\/posts\/1761\/revisions\/1770"}],"wp:attachment":[{"href":"https:\/\/agora.xtec.cat\/ceip-fontfreda\/wp-json\/wp\/v2\/media?parent=1761"}],"wp:term":[{"taxonomy":"category","embeddable":true,"href":"https:\/\/agora.xtec.cat\/ceip-fontfreda\/wp-json\/wp\/v2\/categories?post=1761"},{"taxonomy":"post_tag","embeddable":true,"href":"https:\/\/agora.xtec.cat\/ceip-fontfreda\/wp-json\/wp\/v2\/tags?post=1761"}],"curies":[{"name":"wp","href":"https:\/\/api.w.org\/{rel}","templated":true}]}}