{"id":1279,"date":"2018-12-05T09:37:25","date_gmt":"2018-12-05T08:37:25","guid":{"rendered":"http:\/\/agora.xtec.cat\/ceip-fontfreda\/?p=1279"},"modified":"2018-12-05T09:40:03","modified_gmt":"2018-12-05T08:40:03","slug":"l-escola-font-freda-amb-la-marato-de-tv3","status":"publish","type":"post","link":"https:\/\/agora.xtec.cat\/ceip-fontfreda\/infantil\/l-escola-font-freda-amb-la-marato-de-tv3\/","title":{"rendered":"L&#8217; escola Font Freda amb la Marat\u00f3 de TV3"},"content":{"rendered":"<p style=\"text-align: justify;\">Avui, 5 de desembre, l&#8217;escola Font Freda deixa de fer classes de matem\u00e0tiques, llengua catalana, castellana&#8230;i fa, tot un seguit d&#8217;activitats, en relaci\u00f3 al tema de la Marat\u00f3 de Tv3 d&#8217;enguany: el c\u00e0ncer.<\/p>\n<p style=\"text-align: justify;\">Ara a les 9h. Infantil, Inicial i 3r veuen un documental sobre &#8220;C\u00e0ncer Infantil&#8221; i 4t i Cicle Superior, visionen la pel\u2022l\u00edcula &#8220;4a planta&#8221;.<\/p>\n<p style=\"text-align: justify;\">Entre les activitats d&#8217;avui: taller de polseres Candela, taller d&#8217;origami: grulles i ball de tota l&#8217;escola: &#8220;SEGUIREMOS&#8221; de Macaco.<\/p>\n<p style=\"text-align: center;\"><a href=\"https:\/\/agora.xtec.cat\/ceip-fontfreda\/wp-content\/uploads\/usu813\/2018\/12\/1543998460697598.jpg\"><img loading=\"lazy\" decoding=\"async\" class=\"alignnone size-medium wp-image-1280 aligncenter\" src=\"https:\/\/agora.xtec.cat\/ceip-fontfreda\/wp-content\/uploads\/usu813\/2018\/12\/1543998460697598-300x169.jpg\" alt=\"\" width=\"300\" height=\"169\" \/>FONT FREDA: DIU MOLT DE TU!<\/a><\/p>\n","protected":false},"excerpt":{"rendered":"<p>Avui, 5 de desembre, l&#8217;escola Font Freda deixa de fer classes de matem\u00e0tiques, llengua catalana, castellana&#8230;i fa, tot un seguit d&#8217;activitats, en relaci\u00f3 al tema de la Marat\u00f3 de Tv3 d&#8217;enguany: el c\u00e0ncer.<br \/>\nAra a les 9h. Infantil, Inicial i 3r veuen un documental sobre &#8220;C\u00e0ncer&hellip;  <a href=\"https:\/\/agora.xtec.cat\/ceip-fontfreda\/infantil\/l-escola-font-freda-amb-la-marato-de-tv3\/\" title=\"Read L&#8217; escola Font Freda amb la Marat\u00f3 de TV3\">Llegeix m\u00e9s\u00bb<\/a><\/p>\n","protected":false},"author":1,"featured_media":0,"comment_status":"open","ping_status":"closed","sticky":false,"template":"","format":"standard","meta":{"_bbp_topic_count":0,"_bbp_reply_count":0,"_bbp_total_topic_count":0,"_bbp_total_reply_count":0,"_bbp_voice_count":0,"_bbp_anonymous_reply_count":0,"_bbp_topic_count_hidden":0,"_bbp_reply_count_hidden":0,"_bbp_forum_subforum_count":0,"footnotes":""},"categories":[10,11,12,13,14,15,3,8,9,2,4,5],"tags":[],"class_list":["post-1279","post","type-post","status-publish","format-standard","hentry","category-1r","category-2n","category-3r","category-4t","category-5e","category-6e","category-i3","category-i4","category-i5","category-infantil","category-portada","category-primaria"],"post_mailing_queue_ids":[],"_links":{"self":[{"href":"https:\/\/agora.xtec.cat\/ceip-fontfreda\/wp-json\/wp\/v2\/posts\/1279","targetHints":{"allow":["GET"]}}],"collection":[{"href":"https:\/\/agora.xtec.cat\/ceip-fontfreda\/wp-json\/wp\/v2\/posts"}],"about":[{"href":"https:\/\/agora.xtec.cat\/ceip-fontfreda\/wp-json\/wp\/v2\/types\/post"}],"author":[{"embeddable":true,"href":"https:\/\/agora.xtec.cat\/ceip-fontfreda\/wp-json\/wp\/v2\/users\/1"}],"replies":[{"embeddable":true,"href":"https:\/\/agora.xtec.cat\/ceip-fontfreda\/wp-json\/wp\/v2\/comments?post=1279"}],"version-history":[{"count":3,"href":"https:\/\/agora.xtec.cat\/ceip-fontfreda\/wp-json\/wp\/v2\/posts\/1279\/revisions"}],"predecessor-version":[{"id":1283,"href":"https:\/\/agora.xtec.cat\/ceip-fontfreda\/wp-json\/wp\/v2\/posts\/1279\/revisions\/1283"}],"wp:attachment":[{"href":"https:\/\/agora.xtec.cat\/ceip-fontfreda\/wp-json\/wp\/v2\/media?parent=1279"}],"wp:term":[{"taxonomy":"category","embeddable":true,"href":"https:\/\/agora.xtec.cat\/ceip-fontfreda\/wp-json\/wp\/v2\/categories?post=1279"},{"taxonomy":"post_tag","embeddable":true,"href":"https:\/\/agora.xtec.cat\/ceip-fontfreda\/wp-json\/wp\/v2\/tags?post=1279"}],"curies":[{"name":"wp","href":"https:\/\/api.w.org\/{rel}","templated":true}]}}