{"id":11670,"date":"2026-04-29T10:28:11","date_gmt":"2026-04-29T08:28:11","guid":{"rendered":"https:\/\/agora.xtec.cat\/ceip-fontfreda\/?p=11670"},"modified":"2026-04-29T10:28:11","modified_gmt":"2026-04-29T08:28:11","slug":"colonies-can-putxet","status":"publish","type":"post","link":"https:\/\/agora.xtec.cat\/ceip-fontfreda\/general\/colonies-can-putxet\/","title":{"rendered":"COL\u00d2NIES CAN PUTXET"},"content":{"rendered":"<p class=\"isSelectedEnd\"><a href=\"https:\/\/agora.xtec.cat\/ceip-fontfreda\/wp-content\/uploads\/usu813\/2026\/04\/20de7f58-3d5d-4d35-b57a-cd5bcca4e31e.jpg\"><img loading=\"lazy\" decoding=\"async\" class=\"alignnone size-large wp-image-11671\" src=\"https:\/\/agora.xtec.cat\/ceip-fontfreda\/wp-content\/uploads\/usu813\/2026\/04\/20de7f58-3d5d-4d35-b57a-cd5bcca4e31e-1024x768.jpg\" alt=\"\" width=\"1024\" height=\"768\" srcset=\"https:\/\/agora.xtec.cat\/ceip-fontfreda\/wp-content\/uploads\/usu813\/2026\/04\/20de7f58-3d5d-4d35-b57a-cd5bcca4e31e-1024x768.jpg 1024w, https:\/\/agora.xtec.cat\/ceip-fontfreda\/wp-content\/uploads\/usu813\/2026\/04\/20de7f58-3d5d-4d35-b57a-cd5bcca4e31e-300x225.jpg 300w, https:\/\/agora.xtec.cat\/ceip-fontfreda\/wp-content\/uploads\/usu813\/2026\/04\/20de7f58-3d5d-4d35-b57a-cd5bcca4e31e-768x576.jpg 768w, https:\/\/agora.xtec.cat\/ceip-fontfreda\/wp-content\/uploads\/usu813\/2026\/04\/20de7f58-3d5d-4d35-b57a-cd5bcca4e31e-1536x1152.jpg 1536w, https:\/\/agora.xtec.cat\/ceip-fontfreda\/wp-content\/uploads\/usu813\/2026\/04\/20de7f58-3d5d-4d35-b57a-cd5bcca4e31e-200x150.jpg 200w, https:\/\/agora.xtec.cat\/ceip-fontfreda\/wp-content\/uploads\/usu813\/2026\/04\/20de7f58-3d5d-4d35-b57a-cd5bcca4e31e.jpg 2048w\" sizes=\"auto, (max-width: 1024px) 100vw, 1024px\" \/><\/a><\/p>\n<p class=\"isSelectedEnd\">L\u2019alumnat ha viscut una experi\u00e8ncia inoblidable a les col\u00f2nies, plenes d\u2019aventura, conviv\u00e8ncia i aprenentatges compartits. En un entorn natural privilegiat, els infants han participat en un ampli ventall d\u2019activitats pensades per fomentar el treball en equip, l\u2019autonomia i la superaci\u00f3 personal.<\/p>\n<p class=\"isSelectedEnd\">Entre les propostes m\u00e9s emocionants, destaquen els circuits de karts, on han pogut posar a prova la seva habilitat i coordinaci\u00f3, aix\u00ed com el cam\u00ed sensorial, una experi\u00e8ncia \u00fanica per connectar amb la natura a trav\u00e9s dels sentits. Tamb\u00e9 han gaudit de l\u2019escalada, superant reptes amb valentia, i dels quads, una activitat que ha despertat molta emoci\u00f3.<\/p>\n<p class=\"isSelectedEnd\">No hi han faltat els moments creatius amb el taller de pintura de samarretes, on cadasc\u00fa ha pogut expressar la seva imaginaci\u00f3 i emportar-se un record personalitzat. A m\u00e9s, els jocs de poble i els reptes en grup han refor\u00e7at la cohesi\u00f3 i l\u2019esperit de col\u00b7laboraci\u00f3 entre companys i companyes.<\/p>\n<p>Han estat uns dies intensos, plens de riures, descobertes i viv\u00e8ncies que, de ben segur, quedaran en el record de tots i totes. Tornen a l\u2019escola amb la motxilla carregada d\u2019experi\u00e8ncies i amb moltes ganes de continuar aprenent junts!<\/p>\n<p>Aqu\u00ed podeu visualitzar els moments!\u00a0<a href=\"https:\/\/drive.google.com\/drive\/folders\/1I1NNNUrTfe8GkIU_jJqBF09DYO9Gp-J_?usp=drive_link\" target=\"_blank\" rel=\"noopener\">COL\u00d2NIES 2n i 4t<\/a><\/p>\n","protected":false},"excerpt":{"rendered":"<p><a href=\"https:\/\/agora.xtec.cat\/ceip-fontfreda\/wp-content\/uploads\/usu813\/2026\/04\/20de7f58-3d5d-4d35-b57a-cd5bcca4e31e.jpg\"><\/a><br \/>\nL\u2019alumnat ha viscut una experi\u00e8ncia inoblidable a les col\u00f2nies, plenes d\u2019aventura, conviv\u00e8ncia i aprenentatges compartits. En un entorn natural privilegiat, els infants han participat en un ampli ventall d\u2019activitats pensades per fomentar el treball en equip, l\u2019autonomia i la superaci\u00f3 personal.<br \/>\nEntre les propostes m\u00e9s&hellip;  <a href=\"https:\/\/agora.xtec.cat\/ceip-fontfreda\/general\/colonies-can-putxet\/\" title=\"Read COL\u00d2NIES CAN PUTXET\">Llegeix m\u00e9s\u00bb<\/a><\/p>\n","protected":false},"author":37,"featured_media":11671,"comment_status":"open","ping_status":"open","sticky":false,"template":"","format":"standard","meta":{"_bbp_topic_count":0,"_bbp_reply_count":0,"_bbp_total_topic_count":0,"_bbp_total_reply_count":0,"_bbp_voice_count":0,"_bbp_anonymous_reply_count":0,"_bbp_topic_count_hidden":0,"_bbp_reply_count_hidden":0,"_bbp_forum_subforum_count":0,"footnotes":""},"categories":[11,13,1,4],"tags":[],"class_list":["post-11670","post","type-post","status-publish","format-standard","has-post-thumbnail","hentry","category-2n","category-4t","category-general","category-portada"],"post_mailing_queue_ids":[],"_links":{"self":[{"href":"https:\/\/agora.xtec.cat\/ceip-fontfreda\/wp-json\/wp\/v2\/posts\/11670","targetHints":{"allow":["GET"]}}],"collection":[{"href":"https:\/\/agora.xtec.cat\/ceip-fontfreda\/wp-json\/wp\/v2\/posts"}],"about":[{"href":"https:\/\/agora.xtec.cat\/ceip-fontfreda\/wp-json\/wp\/v2\/types\/post"}],"author":[{"embeddable":true,"href":"https:\/\/agora.xtec.cat\/ceip-fontfreda\/wp-json\/wp\/v2\/users\/37"}],"replies":[{"embeddable":true,"href":"https:\/\/agora.xtec.cat\/ceip-fontfreda\/wp-json\/wp\/v2\/comments?post=11670"}],"version-history":[{"count":3,"href":"https:\/\/agora.xtec.cat\/ceip-fontfreda\/wp-json\/wp\/v2\/posts\/11670\/revisions"}],"predecessor-version":[{"id":11674,"href":"https:\/\/agora.xtec.cat\/ceip-fontfreda\/wp-json\/wp\/v2\/posts\/11670\/revisions\/11674"}],"wp:featuredmedia":[{"embeddable":true,"href":"https:\/\/agora.xtec.cat\/ceip-fontfreda\/wp-json\/wp\/v2\/media\/11671"}],"wp:attachment":[{"href":"https:\/\/agora.xtec.cat\/ceip-fontfreda\/wp-json\/wp\/v2\/media?parent=11670"}],"wp:term":[{"taxonomy":"category","embeddable":true,"href":"https:\/\/agora.xtec.cat\/ceip-fontfreda\/wp-json\/wp\/v2\/categories?post=11670"},{"taxonomy":"post_tag","embeddable":true,"href":"https:\/\/agora.xtec.cat\/ceip-fontfreda\/wp-json\/wp\/v2\/tags?post=11670"}],"curies":[{"name":"wp","href":"https:\/\/api.w.org\/{rel}","templated":true}]}}