{"id":11664,"date":"2026-04-22T18:13:05","date_gmt":"2026-04-22T16:13:05","guid":{"rendered":"https:\/\/agora.xtec.cat\/ceip-fontfreda\/?p=11664"},"modified":"2026-04-22T18:14:29","modified_gmt":"2026-04-22T16:14:29","slug":"%f0%9f%8c%b9-sant-jordi-solidari-els-emprenedors-de-6e-surten-al-carrer","status":"publish","type":"post","link":"https:\/\/agora.xtec.cat\/ceip-fontfreda\/general\/%f0%9f%8c%b9-sant-jordi-solidari-els-emprenedors-de-6e-surten-al-carrer\/","title":{"rendered":"\ud83c\udf39 Sant Jordi Solidari: Els emprenedors de 6\u00e8 surten al carrer! Mireu quins anuncis han fet!"},"content":{"rendered":"<p data-path-to-node=\"3\">Estem molt emocionats d&#8217;anunciar-vos que l&#8217;alumnat de <b data-path-to-node=\"3\" data-index-in-node=\"54\">6\u00e8 de prim\u00e0ria<\/b> ha fet un pas endavant en el seu aprenentatge i ha creat la seva pr\u00f2pia <b data-path-to-node=\"3\" data-index-in-node=\"141\">cooperativa escolar<\/b>. Despr\u00e9s de setmanes de feina, reunions i disseny de productes, finalment ha arribat el moment de mostrar-vos el fruit del seu esfor\u00e7.<\/p>\n<p data-path-to-node=\"4\">\ud83d\udccd On i quan ens trobareu?<\/p>\n<p data-path-to-node=\"5\">Aquest <b data-path-to-node=\"5\" data-index-in-node=\"7\">Sant Jordi<\/b>, els nostres cooperativistes canviaran l&#8217;aula pel carrer. Estaran situats al cor del municipi amb una paradeta plena d&#8217;il\u00b7lusi\u00f3:<\/p>\n<ul data-path-to-node=\"6\">\n<li>\n<p data-path-to-node=\"6,0,0\"><b data-path-to-node=\"6,0,0\" data-index-in-node=\"0\">Lloc:<\/b> Carrer Major (Montcada i Reixac)<\/p>\n<\/li>\n<li>\n<p data-path-to-node=\"6,1,0\"><b data-path-to-node=\"6,1,0\" data-index-in-node=\"0\">Horari:<\/b> De 10:00 h a 20:00 h<\/p>\n<\/li>\n<li>\n<p data-path-to-node=\"6,2,0\"><b data-path-to-node=\"6,2,0\" data-index-in-node=\"0\">Qu\u00e8 hi trobareu?<\/b> Productes artesanals fets a m\u00e0 pels mateixos alumnes. S\u00f3n detalls \u00fanics, ideals per regalar en una diada tan especial!<\/p>\n<\/li>\n<\/ul>\n<p data-path-to-node=\"7\">\u2764\ufe0f Un projecte amb valors<\/p>\n<p data-path-to-node=\"8\">Una cooperativa no nom\u00e9s serveix per aprendre economia, sin\u00f3 tamb\u00e9 per cr\u00e9ixer en solidaritat. Per aquest motiu, l&#8217;alumnat ha decidit que el <b data-path-to-node=\"8\" data-index-in-node=\"141\">10% dels beneficis<\/b> obtinguts es destinaran a <b data-path-to-node=\"8\" data-index-in-node=\"186\">Suma&#8217;t<\/b>, l&#8217;entitat de Montcada i Reixac que treballa per la inclusi\u00f3. Amb la vostra compra, no nom\u00e9s valoreu la feina dels infants, sin\u00f3 que tamb\u00e9 col\u00b7laboreu amb una gran causa local.<\/p>\n<p data-path-to-node=\"10\">\ud83c\udfac No us perdeu els anuncis!<\/p>\n<p data-path-to-node=\"11\">Els nostres publicistes s&#8217;han posat mans a l&#8217;obra per convidar-vos personalment. Aqu\u00ed teniu els <b data-path-to-node=\"11\" data-index-in-node=\"96\">v\u00eddeos promocionals<\/b> que han gravat i editat ells mateixos.<\/p>\n<p data-path-to-node=\"12\"><i data-path-to-node=\"12\" data-index-in-node=\"0\">Prepareu les crispetes i gaudiu de la seva creativitat!<\/i><\/p>\n<p data-path-to-node=\"13\"><a href=\"https:\/\/drive.google.com\/drive\/folders\/1WXKuRB57biw3GOUWA7R13_EGqIH0f69y?usp=sharing\" target=\"_blank\" rel=\"noopener\">Anuncis de 6\u00e8<\/a><\/p>\n<p data-path-to-node=\"15\"><b data-path-to-node=\"15\" data-index-in-node=\"0\">Us hi esperem a tots i totes per fer d&#8217;aquest Sant Jordi una diada inoblidable!<\/b><\/p>\n","protected":false},"excerpt":{"rendered":"<p>Estem molt emocionats d&#8217;anunciar-vos que l&#8217;alumnat de 6\u00e8 de prim\u00e0ria ha fet un pas endavant en el seu aprenentatge i ha creat la seva pr\u00f2pia cooperativa escolar. Despr\u00e9s de setmanes de feina, reunions i disseny de productes, finalment ha arribat el moment de mostrar-vos el&hellip;  <a href=\"https:\/\/agora.xtec.cat\/ceip-fontfreda\/general\/%f0%9f%8c%b9-sant-jordi-solidari-els-emprenedors-de-6e-surten-al-carrer\/\" title=\"Read \ud83c\udf39 Sant Jordi Solidari: Els emprenedors de 6\u00e8 surten al carrer! Mireu quins anuncis han fet!\">Llegeix m\u00e9s\u00bb<\/a><\/p>\n","protected":false},"author":23,"featured_media":11351,"comment_status":"open","ping_status":"open","sticky":false,"template":"","format":"standard","meta":{"_bbp_topic_count":0,"_bbp_reply_count":0,"_bbp_total_topic_count":0,"_bbp_total_reply_count":0,"_bbp_voice_count":0,"_bbp_anonymous_reply_count":0,"_bbp_topic_count_hidden":0,"_bbp_reply_count_hidden":0,"_bbp_forum_subforum_count":0,"footnotes":""},"categories":[15,1,4],"tags":[],"class_list":["post-11664","post","type-post","status-publish","format-standard","has-post-thumbnail","hentry","category-6e","category-general","category-portada"],"post_mailing_queue_ids":[],"_links":{"self":[{"href":"https:\/\/agora.xtec.cat\/ceip-fontfreda\/wp-json\/wp\/v2\/posts\/11664","targetHints":{"allow":["GET"]}}],"collection":[{"href":"https:\/\/agora.xtec.cat\/ceip-fontfreda\/wp-json\/wp\/v2\/posts"}],"about":[{"href":"https:\/\/agora.xtec.cat\/ceip-fontfreda\/wp-json\/wp\/v2\/types\/post"}],"author":[{"embeddable":true,"href":"https:\/\/agora.xtec.cat\/ceip-fontfreda\/wp-json\/wp\/v2\/users\/23"}],"replies":[{"embeddable":true,"href":"https:\/\/agora.xtec.cat\/ceip-fontfreda\/wp-json\/wp\/v2\/comments?post=11664"}],"version-history":[{"count":2,"href":"https:\/\/agora.xtec.cat\/ceip-fontfreda\/wp-json\/wp\/v2\/posts\/11664\/revisions"}],"predecessor-version":[{"id":11666,"href":"https:\/\/agora.xtec.cat\/ceip-fontfreda\/wp-json\/wp\/v2\/posts\/11664\/revisions\/11666"}],"wp:featuredmedia":[{"embeddable":true,"href":"https:\/\/agora.xtec.cat\/ceip-fontfreda\/wp-json\/wp\/v2\/media\/11351"}],"wp:attachment":[{"href":"https:\/\/agora.xtec.cat\/ceip-fontfreda\/wp-json\/wp\/v2\/media?parent=11664"}],"wp:term":[{"taxonomy":"category","embeddable":true,"href":"https:\/\/agora.xtec.cat\/ceip-fontfreda\/wp-json\/wp\/v2\/categories?post=11664"},{"taxonomy":"post_tag","embeddable":true,"href":"https:\/\/agora.xtec.cat\/ceip-fontfreda\/wp-json\/wp\/v2\/tags?post=11664"}],"curies":[{"name":"wp","href":"https:\/\/api.w.org\/{rel}","templated":true}]}}