{"id":11621,"date":"2026-03-04T12:44:37","date_gmt":"2026-03-04T11:44:37","guid":{"rendered":"https:\/\/agora.xtec.cat\/ceip-fontfreda\/?p=11621"},"modified":"2026-03-04T12:44:37","modified_gmt":"2026-03-04T11:44:37","slug":"sortida-d-infantil-a-granja-aventura-park","status":"publish","type":"post","link":"https:\/\/agora.xtec.cat\/ceip-fontfreda\/general\/sortida-d-infantil-a-granja-aventura-park\/","title":{"rendered":"Sortida d&#8217; infantil a Granja Aventura Park"},"content":{"rendered":"<p>Els m\u00e9s petits de l&#8217;escola hem marxat d&#8217;excursi\u00f3 a la Granja Aventura Park de Viladecavalls. Hem passat un dia genial! la sortida ha sigut molt completa, primer vam veure, tocar i donar de menjar a diferents animals com ara conills, ovelles, gallines, galls indi, cabres, oques, una fura, una cobaia, pell de serp&#8230; Despr\u00e8s de dinar per grups vam fer un circuit d&#8217;all\u00f2 m\u00e9s divertit, amb tirolina inclosa!<\/p>\n<p>No us perdeu i cliqueu a l&#8217;enlla\u00e7 per veure la galeria d&#8217;imatges!<\/p>\n<p><a href=\"https:\/\/drive.google.com\/drive\/folders\/1TXWyi82ovC6gGwgXiPxSqaXAWWF2wfM8\">https:\/\/drive.google.com\/drive\/folders\/1TXWyi82ovC6gGwgXiPxSqaXAWWF2wfM8<\/a><\/p>\n","protected":false},"excerpt":{"rendered":"<p>Els m\u00e9s petits de l&#8217;escola hem marxat d&#8217;excursi\u00f3 a la Granja Aventura Park de Viladecavalls. Hem passat un dia genial! la sortida ha sigut molt completa, primer vam veure, tocar i donar de menjar a diferents animals com ara conills, ovelles, gallines, galls indi, cabres,&hellip;  <a href=\"https:\/\/agora.xtec.cat\/ceip-fontfreda\/general\/sortida-d-infantil-a-granja-aventura-park\/\" title=\"Read Sortida d&#8217; infantil a Granja Aventura Park\">Llegeix m\u00e9s\u00bb<\/a><\/p>\n","protected":false},"author":22,"featured_media":11624,"comment_status":"open","ping_status":"open","sticky":false,"template":"","format":"standard","meta":{"_bbp_topic_count":0,"_bbp_reply_count":0,"_bbp_total_topic_count":0,"_bbp_total_reply_count":0,"_bbp_voice_count":0,"_bbp_anonymous_reply_count":0,"_bbp_topic_count_hidden":0,"_bbp_reply_count_hidden":0,"_bbp_forum_subforum_count":0,"footnotes":""},"categories":[1,3,8,9,2,4],"tags":[],"class_list":["post-11621","post","type-post","status-publish","format-standard","has-post-thumbnail","hentry","category-general","category-i3","category-i4","category-i5","category-infantil","category-portada"],"post_mailing_queue_ids":[],"_links":{"self":[{"href":"https:\/\/agora.xtec.cat\/ceip-fontfreda\/wp-json\/wp\/v2\/posts\/11621","targetHints":{"allow":["GET"]}}],"collection":[{"href":"https:\/\/agora.xtec.cat\/ceip-fontfreda\/wp-json\/wp\/v2\/posts"}],"about":[{"href":"https:\/\/agora.xtec.cat\/ceip-fontfreda\/wp-json\/wp\/v2\/types\/post"}],"author":[{"embeddable":true,"href":"https:\/\/agora.xtec.cat\/ceip-fontfreda\/wp-json\/wp\/v2\/users\/22"}],"replies":[{"embeddable":true,"href":"https:\/\/agora.xtec.cat\/ceip-fontfreda\/wp-json\/wp\/v2\/comments?post=11621"}],"version-history":[{"count":1,"href":"https:\/\/agora.xtec.cat\/ceip-fontfreda\/wp-json\/wp\/v2\/posts\/11621\/revisions"}],"predecessor-version":[{"id":11625,"href":"https:\/\/agora.xtec.cat\/ceip-fontfreda\/wp-json\/wp\/v2\/posts\/11621\/revisions\/11625"}],"wp:featuredmedia":[{"embeddable":true,"href":"https:\/\/agora.xtec.cat\/ceip-fontfreda\/wp-json\/wp\/v2\/media\/11624"}],"wp:attachment":[{"href":"https:\/\/agora.xtec.cat\/ceip-fontfreda\/wp-json\/wp\/v2\/media?parent=11621"}],"wp:term":[{"taxonomy":"category","embeddable":true,"href":"https:\/\/agora.xtec.cat\/ceip-fontfreda\/wp-json\/wp\/v2\/categories?post=11621"},{"taxonomy":"post_tag","embeddable":true,"href":"https:\/\/agora.xtec.cat\/ceip-fontfreda\/wp-json\/wp\/v2\/tags?post=11621"}],"curies":[{"name":"wp","href":"https:\/\/api.w.org\/{rel}","templated":true}]}}