{"id":11618,"date":"2026-03-02T10:27:42","date_gmt":"2026-03-02T09:27:42","guid":{"rendered":"https:\/\/agora.xtec.cat\/ceip-fontfreda\/?p=11618"},"modified":"2026-03-02T10:27:42","modified_gmt":"2026-03-02T09:27:42","slug":"denip","status":"publish","type":"post","link":"https:\/\/agora.xtec.cat\/ceip-fontfreda\/general\/denip\/","title":{"rendered":"DENIP"},"content":{"rendered":"<p data-start=\"66\" data-end=\"91\"><strong data-start=\"66\" data-end=\"91\">Benvolgudes fam\u00edlies,<\/strong><\/p>\n<p data-start=\"93\" data-end=\"246\">Amb motiu del <strong data-start=\"107\" data-end=\"158\">Dia Escolar de la No-viol\u00e8ncia i la Pau (DENIP)<\/strong>, a infantil hem realitzat una activitat conjunta amb tot l\u2019alumnat d\u2019Educaci\u00f3 Infantil.<\/p>\n<p data-start=\"248\" data-end=\"555\">Hem organitzat un joc molt participatiu en qu\u00e8 els infants havien d\u2019ajudar-se, col\u00b7laborar i treballar plegats per assolir un objectiu com\u00fa. A trav\u00e9s d\u2019aquesta din\u00e0mica hem pogut refor\u00e7ar valors com el respecte, l\u2019empatia, la cooperaci\u00f3 i la import\u00e0ncia de resoldre els petits conflictes de manera pac\u00edfica.<\/p>\n<p data-start=\"557\" data-end=\"682\">Ha estat una experi\u00e8ncia molt enriquidora, en qu\u00e8 tots els nens i nenes han mostrat una gran implicaci\u00f3 i ganes de compartir.<\/p>\n<p data-start=\"684\" data-end=\"767\">Seguim treballant junts per construir una escola basada en la pau i la conviv\u00e8ncia.<\/p>\n<p data-start=\"684\" data-end=\"767\">Cliqueu al seg\u00fcent enlla\u00e7 per veure les imatges.<\/p>\n<p data-start=\"684\" data-end=\"767\"><a href=\"https:\/\/drive.google.com\/drive\/folders\/1Mk7SM5Qta404wXvW3mekNf6DZjNc1NRe\">https:\/\/drive.google.com\/drive\/folders\/1Mk7SM5Qta404wXvW3mekNf6DZjNc1NRe<\/a><\/p>\n","protected":false},"excerpt":{"rendered":"<p>Benvolgudes fam\u00edlies,<br \/>\nAmb motiu del Dia Escolar de la No-viol\u00e8ncia i la Pau (DENIP), a infantil hem realitzat una activitat conjunta amb tot l\u2019alumnat d\u2019Educaci\u00f3 Infantil.<br \/>\nHem organitzat un joc molt participatiu en qu\u00e8 els infants havien d\u2019ajudar-se, col\u00b7laborar i treballar plegats per assolir un objectiu com\u00fa.&hellip;  <a href=\"https:\/\/agora.xtec.cat\/ceip-fontfreda\/general\/denip\/\" title=\"Read DENIP\">Llegeix m\u00e9s\u00bb<\/a><\/p>\n","protected":false},"author":22,"featured_media":11619,"comment_status":"open","ping_status":"open","sticky":false,"template":"","format":"standard","meta":{"_bbp_topic_count":0,"_bbp_reply_count":0,"_bbp_total_topic_count":0,"_bbp_total_reply_count":0,"_bbp_voice_count":0,"_bbp_anonymous_reply_count":0,"_bbp_topic_count_hidden":0,"_bbp_reply_count_hidden":0,"_bbp_forum_subforum_count":0,"footnotes":""},"categories":[1,3,8,9,2,4],"tags":[],"class_list":["post-11618","post","type-post","status-publish","format-standard","has-post-thumbnail","hentry","category-general","category-i3","category-i4","category-i5","category-infantil","category-portada"],"post_mailing_queue_ids":[],"_links":{"self":[{"href":"https:\/\/agora.xtec.cat\/ceip-fontfreda\/wp-json\/wp\/v2\/posts\/11618","targetHints":{"allow":["GET"]}}],"collection":[{"href":"https:\/\/agora.xtec.cat\/ceip-fontfreda\/wp-json\/wp\/v2\/posts"}],"about":[{"href":"https:\/\/agora.xtec.cat\/ceip-fontfreda\/wp-json\/wp\/v2\/types\/post"}],"author":[{"embeddable":true,"href":"https:\/\/agora.xtec.cat\/ceip-fontfreda\/wp-json\/wp\/v2\/users\/22"}],"replies":[{"embeddable":true,"href":"https:\/\/agora.xtec.cat\/ceip-fontfreda\/wp-json\/wp\/v2\/comments?post=11618"}],"version-history":[{"count":1,"href":"https:\/\/agora.xtec.cat\/ceip-fontfreda\/wp-json\/wp\/v2\/posts\/11618\/revisions"}],"predecessor-version":[{"id":11620,"href":"https:\/\/agora.xtec.cat\/ceip-fontfreda\/wp-json\/wp\/v2\/posts\/11618\/revisions\/11620"}],"wp:featuredmedia":[{"embeddable":true,"href":"https:\/\/agora.xtec.cat\/ceip-fontfreda\/wp-json\/wp\/v2\/media\/11619"}],"wp:attachment":[{"href":"https:\/\/agora.xtec.cat\/ceip-fontfreda\/wp-json\/wp\/v2\/media?parent=11618"}],"wp:term":[{"taxonomy":"category","embeddable":true,"href":"https:\/\/agora.xtec.cat\/ceip-fontfreda\/wp-json\/wp\/v2\/categories?post=11618"},{"taxonomy":"post_tag","embeddable":true,"href":"https:\/\/agora.xtec.cat\/ceip-fontfreda\/wp-json\/wp\/v2\/tags?post=11618"}],"curies":[{"name":"wp","href":"https:\/\/api.w.org\/{rel}","templated":true}]}}