{"id":11604,"date":"2026-02-26T15:34:00","date_gmt":"2026-02-26T14:34:00","guid":{"rendered":"https:\/\/agora.xtec.cat\/ceip-fontfreda\/?p=11604"},"modified":"2026-02-26T15:34:00","modified_gmt":"2026-02-26T14:34:00","slug":"ambients-2n-trimestre","status":"publish","type":"post","link":"https:\/\/agora.xtec.cat\/ceip-fontfreda\/general\/ambients-2n-trimestre\/","title":{"rendered":"AMBIENTS 2N TRIMESTRE"},"content":{"rendered":"<p>Com b\u00e9 sabeu les tardes de dilluns, dimarts i dimecres els vostres infants participen en els ambients conjuntament amb totes les classes d&#8217;infantil, garantint un aprenentatge entre totes les edats del nostre cicle. Us animem a entrar a l&#8217;enlla\u00e7 o veureu com aprenen i gaudeixen.<\/p>\n<p>Aquest trimestre fem ambients d&#8217;experimentaci\u00f3, construcci\u00f3, atelier i joc simb\u00f2lic de disfresses.<\/p>\n<p><a href=\"https:\/\/drive.google.com\/drive\/folders\/1eC194ow9KlglnohyTbgvnbG1NWGn7zWc\">https:\/\/drive.google.com\/drive\/folders\/1eC194ow9KlglnohyTbgvnbG1NWGn7zWc<\/a><\/p>\n","protected":false},"excerpt":{"rendered":"<p>Com b\u00e9 sabeu les tardes de dilluns, dimarts i dimecres els vostres infants participen en els ambients conjuntament amb totes les classes d&#8217;infantil, garantint un aprenentatge entre totes les edats del nostre cicle. Us animem a entrar a l&#8217;enlla\u00e7 o veureu com aprenen i gaudeixen.<br \/>\nAquest&hellip;  <a href=\"https:\/\/agora.xtec.cat\/ceip-fontfreda\/general\/ambients-2n-trimestre\/\" title=\"Read AMBIENTS 2N TRIMESTRE\">Llegeix m\u00e9s\u00bb<\/a><\/p>\n","protected":false},"author":22,"featured_media":11605,"comment_status":"open","ping_status":"open","sticky":false,"template":"","format":"standard","meta":{"_bbp_topic_count":0,"_bbp_reply_count":0,"_bbp_total_topic_count":0,"_bbp_total_reply_count":0,"_bbp_voice_count":0,"_bbp_anonymous_reply_count":0,"_bbp_topic_count_hidden":0,"_bbp_reply_count_hidden":0,"_bbp_forum_subforum_count":0,"footnotes":""},"categories":[1,3,8,9,2,4],"tags":[],"class_list":["post-11604","post","type-post","status-publish","format-standard","has-post-thumbnail","hentry","category-general","category-i3","category-i4","category-i5","category-infantil","category-portada"],"post_mailing_queue_ids":[],"_links":{"self":[{"href":"https:\/\/agora.xtec.cat\/ceip-fontfreda\/wp-json\/wp\/v2\/posts\/11604","targetHints":{"allow":["GET"]}}],"collection":[{"href":"https:\/\/agora.xtec.cat\/ceip-fontfreda\/wp-json\/wp\/v2\/posts"}],"about":[{"href":"https:\/\/agora.xtec.cat\/ceip-fontfreda\/wp-json\/wp\/v2\/types\/post"}],"author":[{"embeddable":true,"href":"https:\/\/agora.xtec.cat\/ceip-fontfreda\/wp-json\/wp\/v2\/users\/22"}],"replies":[{"embeddable":true,"href":"https:\/\/agora.xtec.cat\/ceip-fontfreda\/wp-json\/wp\/v2\/comments?post=11604"}],"version-history":[{"count":1,"href":"https:\/\/agora.xtec.cat\/ceip-fontfreda\/wp-json\/wp\/v2\/posts\/11604\/revisions"}],"predecessor-version":[{"id":11606,"href":"https:\/\/agora.xtec.cat\/ceip-fontfreda\/wp-json\/wp\/v2\/posts\/11604\/revisions\/11606"}],"wp:featuredmedia":[{"embeddable":true,"href":"https:\/\/agora.xtec.cat\/ceip-fontfreda\/wp-json\/wp\/v2\/media\/11605"}],"wp:attachment":[{"href":"https:\/\/agora.xtec.cat\/ceip-fontfreda\/wp-json\/wp\/v2\/media?parent=11604"}],"wp:term":[{"taxonomy":"category","embeddable":true,"href":"https:\/\/agora.xtec.cat\/ceip-fontfreda\/wp-json\/wp\/v2\/categories?post=11604"},{"taxonomy":"post_tag","embeddable":true,"href":"https:\/\/agora.xtec.cat\/ceip-fontfreda\/wp-json\/wp\/v2\/tags?post=11604"}],"curies":[{"name":"wp","href":"https:\/\/api.w.org\/{rel}","templated":true}]}}