{"id":11600,"date":"2026-02-26T15:25:48","date_gmt":"2026-02-26T14:25:48","guid":{"rendered":"https:\/\/agora.xtec.cat\/ceip-fontfreda\/?p=11600"},"modified":"2026-02-26T15:26:28","modified_gmt":"2026-02-26T14:26:28","slug":"experiment-volca","status":"publish","type":"post","link":"https:\/\/agora.xtec.cat\/ceip-fontfreda\/general\/experiment-volca\/","title":{"rendered":"Experiment: un volc\u00e0"},"content":{"rendered":"<p>A Infantil ens encanten els experiments! s\u00f3n experi\u00e8ncies vivencials i enriquidores on sempre aprenem de nou els uns amb els altres.<\/p>\n<p>Cliqueu al seg\u00fcent enlla\u00e7 i comprovareu que amb pocs ingredients tamb\u00e9 ho podeu fer a casa.<\/p>\n<p><a href=\"https:\/\/drive.google.com\/drive\/folders\/1N5E5H8VkwURHX6ZgBLcvMNevBfHuoa6L\">https:\/\/drive.google.com\/drive\/folders\/1N5E5H8VkwURHX6ZgBLcvMNevBfHuoa6L<\/a><\/p>\n","protected":false},"excerpt":{"rendered":"<p>A Infantil ens encanten els experiments! s\u00f3n experi\u00e8ncies vivencials i enriquidores on sempre aprenem de nou els uns amb els altres.<br \/>\nCliqueu al seg\u00fcent enlla\u00e7 i comprovareu que amb pocs ingredients tamb\u00e9 ho podeu fer a casa.<br \/>\n<a href=\"https:\/\/drive.google.com\/drive\/folders\/1N5E5H8VkwURHX6ZgBLcvMNevBfHuoa6L\">https:\/\/drive.google.com\/drive\/folders\/1N5E5H8VkwURHX6ZgBLcvMNevBfHuoa6L<\/a><\/p>\n","protected":false},"author":22,"featured_media":11601,"comment_status":"open","ping_status":"open","sticky":false,"template":"","format":"standard","meta":{"_bbp_topic_count":0,"_bbp_reply_count":0,"_bbp_total_topic_count":0,"_bbp_total_reply_count":0,"_bbp_voice_count":0,"_bbp_anonymous_reply_count":0,"_bbp_topic_count_hidden":0,"_bbp_reply_count_hidden":0,"_bbp_forum_subforum_count":0,"footnotes":""},"categories":[1,3,8,9,2,4],"tags":[],"class_list":["post-11600","post","type-post","status-publish","format-standard","has-post-thumbnail","hentry","category-general","category-i3","category-i4","category-i5","category-infantil","category-portada"],"post_mailing_queue_ids":[],"_links":{"self":[{"href":"https:\/\/agora.xtec.cat\/ceip-fontfreda\/wp-json\/wp\/v2\/posts\/11600","targetHints":{"allow":["GET"]}}],"collection":[{"href":"https:\/\/agora.xtec.cat\/ceip-fontfreda\/wp-json\/wp\/v2\/posts"}],"about":[{"href":"https:\/\/agora.xtec.cat\/ceip-fontfreda\/wp-json\/wp\/v2\/types\/post"}],"author":[{"embeddable":true,"href":"https:\/\/agora.xtec.cat\/ceip-fontfreda\/wp-json\/wp\/v2\/users\/22"}],"replies":[{"embeddable":true,"href":"https:\/\/agora.xtec.cat\/ceip-fontfreda\/wp-json\/wp\/v2\/comments?post=11600"}],"version-history":[{"count":2,"href":"https:\/\/agora.xtec.cat\/ceip-fontfreda\/wp-json\/wp\/v2\/posts\/11600\/revisions"}],"predecessor-version":[{"id":11603,"href":"https:\/\/agora.xtec.cat\/ceip-fontfreda\/wp-json\/wp\/v2\/posts\/11600\/revisions\/11603"}],"wp:featuredmedia":[{"embeddable":true,"href":"https:\/\/agora.xtec.cat\/ceip-fontfreda\/wp-json\/wp\/v2\/media\/11601"}],"wp:attachment":[{"href":"https:\/\/agora.xtec.cat\/ceip-fontfreda\/wp-json\/wp\/v2\/media?parent=11600"}],"wp:term":[{"taxonomy":"category","embeddable":true,"href":"https:\/\/agora.xtec.cat\/ceip-fontfreda\/wp-json\/wp\/v2\/categories?post=11600"},{"taxonomy":"post_tag","embeddable":true,"href":"https:\/\/agora.xtec.cat\/ceip-fontfreda\/wp-json\/wp\/v2\/tags?post=11600"}],"curies":[{"name":"wp","href":"https:\/\/api.w.org\/{rel}","templated":true}]}}