{"id":11597,"date":"2026-02-19T00:21:29","date_gmt":"2026-02-18T23:21:29","guid":{"rendered":"https:\/\/agora.xtec.cat\/ceip-fontfreda\/?p=11597"},"modified":"2026-02-19T00:21:29","modified_gmt":"2026-02-18T23:21:29","slug":"equipament-escolar","status":"publish","type":"post","link":"https:\/\/agora.xtec.cat\/ceip-fontfreda\/general\/equipament-escolar\/","title":{"rendered":"Equipament Escolar"},"content":{"rendered":"<p data-start=\"121\" data-end=\"144\"><strong data-start=\"121\" data-end=\"139\">Hola fam\u00edlies!<\/strong> \ud83d\udc4b<\/p>\n<p data-start=\"146\" data-end=\"280\">No us quedeu sense el <strong data-start=\"168\" data-end=\"194\">nou equipament escolar<\/strong>! Ja podeu fer la vostra <strong data-start=\"219\" data-end=\"252\">reserva a trav\u00e9s de TPVescola<\/strong> de manera f\u00e0cil i r\u00e0pida.<\/p>\n<p data-start=\"282\" data-end=\"403\">Per a qualsevol dubte o consulta, no dubteu a posar-vos en contacte amb nosaltres al correu <strong data-start=\"374\" data-end=\"400\"><a class=\"decorated-link cursor-pointer\" rel=\"noopener\" data-start=\"376\" data-end=\"398\">afafontfreda@gmail.com<\/a><\/strong>.<\/p>\n<p data-start=\"405\" data-end=\"441\">Gr\u00e0cies per la vostra col\u00b7laboraci\u00f3!<\/p>\n<p data-start=\"405\" data-end=\"441\"><a href=\"https:\/\/agora.xtec.cat\/ceip-fontfreda\/wp-content\/uploads\/usu813\/2026\/02\/EQUIPAMENT-ESCOLAR-AFA-FONT-FREDA.jpg\"><img loading=\"lazy\" decoding=\"async\" class=\"alignnone  wp-image-11598\" src=\"https:\/\/agora.xtec.cat\/ceip-fontfreda\/wp-content\/uploads\/usu813\/2026\/02\/EQUIPAMENT-ESCOLAR-AFA-FONT-FREDA-1024x638.jpg\" alt=\"\" width=\"572\" height=\"356\" srcset=\"https:\/\/agora.xtec.cat\/ceip-fontfreda\/wp-content\/uploads\/usu813\/2026\/02\/EQUIPAMENT-ESCOLAR-AFA-FONT-FREDA-1024x638.jpg 1024w, https:\/\/agora.xtec.cat\/ceip-fontfreda\/wp-content\/uploads\/usu813\/2026\/02\/EQUIPAMENT-ESCOLAR-AFA-FONT-FREDA-300x187.jpg 300w, https:\/\/agora.xtec.cat\/ceip-fontfreda\/wp-content\/uploads\/usu813\/2026\/02\/EQUIPAMENT-ESCOLAR-AFA-FONT-FREDA-768x479.jpg 768w, https:\/\/agora.xtec.cat\/ceip-fontfreda\/wp-content\/uploads\/usu813\/2026\/02\/EQUIPAMENT-ESCOLAR-AFA-FONT-FREDA.jpg 1080w\" sizes=\"auto, (max-width: 572px) 100vw, 572px\" \/><\/a><\/p>\n","protected":false},"excerpt":{"rendered":"<p>Hola fam\u00edlies! \ud83d\udc4b<br \/>\nNo us quedeu sense el nou equipament escolar! Ja podeu fer la vostra reserva a trav\u00e9s de TPVescola de manera f\u00e0cil i r\u00e0pida.<br \/>\nPer a qualsevol dubte o consulta, no dubteu a posar-vos en contacte amb nosaltres al correu <a class=\"decorated-link cursor-pointer\" rel=\"noopener\" data-start=\"376\"&hellip;  <a href=\"https:\/\/agora.xtec.cat\/ceip-fontfreda\/general\/equipament-escolar\/\" title=\"Read Equipament Escolar\">Llegeix m\u00e9s\u00bb<\/a><\/p>\n","protected":false},"author":53,"featured_media":0,"comment_status":"open","ping_status":"open","sticky":false,"template":"","format":"standard","meta":{"_bbp_topic_count":0,"_bbp_reply_count":0,"_bbp_total_topic_count":0,"_bbp_total_reply_count":0,"_bbp_voice_count":0,"_bbp_anonymous_reply_count":0,"_bbp_topic_count_hidden":0,"_bbp_reply_count_hidden":0,"_bbp_forum_subforum_count":0,"footnotes":""},"categories":[7,1,71,4],"tags":[],"class_list":["post-11597","post","type-post","status-publish","format-standard","hentry","category-afa","category-general","category-informacions-afa","category-portada"],"post_mailing_queue_ids":[],"_links":{"self":[{"href":"https:\/\/agora.xtec.cat\/ceip-fontfreda\/wp-json\/wp\/v2\/posts\/11597","targetHints":{"allow":["GET"]}}],"collection":[{"href":"https:\/\/agora.xtec.cat\/ceip-fontfreda\/wp-json\/wp\/v2\/posts"}],"about":[{"href":"https:\/\/agora.xtec.cat\/ceip-fontfreda\/wp-json\/wp\/v2\/types\/post"}],"author":[{"embeddable":true,"href":"https:\/\/agora.xtec.cat\/ceip-fontfreda\/wp-json\/wp\/v2\/users\/53"}],"replies":[{"embeddable":true,"href":"https:\/\/agora.xtec.cat\/ceip-fontfreda\/wp-json\/wp\/v2\/comments?post=11597"}],"version-history":[{"count":1,"href":"https:\/\/agora.xtec.cat\/ceip-fontfreda\/wp-json\/wp\/v2\/posts\/11597\/revisions"}],"predecessor-version":[{"id":11599,"href":"https:\/\/agora.xtec.cat\/ceip-fontfreda\/wp-json\/wp\/v2\/posts\/11597\/revisions\/11599"}],"wp:attachment":[{"href":"https:\/\/agora.xtec.cat\/ceip-fontfreda\/wp-json\/wp\/v2\/media?parent=11597"}],"wp:term":[{"taxonomy":"category","embeddable":true,"href":"https:\/\/agora.xtec.cat\/ceip-fontfreda\/wp-json\/wp\/v2\/categories?post=11597"},{"taxonomy":"post_tag","embeddable":true,"href":"https:\/\/agora.xtec.cat\/ceip-fontfreda\/wp-json\/wp\/v2\/tags?post=11597"}],"curies":[{"name":"wp","href":"https:\/\/api.w.org\/{rel}","templated":true}]}}