{"id":11591,"date":"2026-02-16T22:22:19","date_gmt":"2026-02-16T21:22:19","guid":{"rendered":"https:\/\/agora.xtec.cat\/ceip-fontfreda\/?p=11591"},"modified":"2026-02-16T22:25:34","modified_gmt":"2026-02-16T21:25:34","slug":"celebrant-el-carnaval-un-viatge-per-les-cultures","status":"publish","type":"post","link":"https:\/\/agora.xtec.cat\/ceip-fontfreda\/general\/celebrant-el-carnaval-un-viatge-per-les-cultures\/","title":{"rendered":"Celebrant el Carnaval: un viatge per les cultures"},"content":{"rendered":"<p data-start=\"248\" data-end=\"579\">Aquest any, la pluja no ha pogut aturar-nos! Tot i el temps, hem celebrat el Carnaval al gimn\u00e0s, un espai que s\u2019ha omplert de colors, m\u00fasica i molta alegria. L\u2019alumnat ha pogut lluir les seves disfresses i mostrar tot el que ha preparat amb il\u00b7lusi\u00f3 a l\u2019aula, i, com sempre, les fam\u00edlies han estat part essencial d\u2019aquesta festa.<\/p>\n<p data-start=\"581\" data-end=\"942\">El tema del curs, <strong data-start=\"599\" data-end=\"630\">\u201cViatjant per les cultures\u201d<\/strong>, ha estat el fil conductor de la jornada. A trav\u00e9s de les disfresses, les danses i les m\u00fasiques, hem fet un recorregut pel m\u00f3n sense sortir de l\u2019escola. Cada grup ha aportat la seva visi\u00f3 d\u2019una cultura diferent, fent que el gimn\u00e0s es convert\u00eds en un espai de descobriment, diversitat i aprenentatge compartit.<\/p>\n<p data-start=\"944\" data-end=\"1226\">Volem agrair especialment a les fam\u00edlies la seva implicaci\u00f3: el seu entusiasme i suport fan possible que activitats com aquesta siguin tan especials. La seva pres\u00e8ncia refor\u00e7a el vincle entre escola i casa i contribueix a crear una comunitat educativa plena de vida i complicitat.<\/p>\n<p data-start=\"1228\" data-end=\"1387\">Un any m\u00e9s, el Carnaval ens recorda que aprendre tamb\u00e9 \u00e9s celebrar, compartir i descobrir el m\u00f3n junts. Moltes gr\u00e0cies a totes i tots per fer-ho possible!<\/p>\n<p data-start=\"1228\" data-end=\"1387\">Teniu totes les fotos i els videos de les rues en<a href=\"https:\/\/drive.google.com\/drive\/folders\/1vwGkb05yhxmlWMCz_NLhR0UsXv7YqC9r?usp=drive_link\"> aquest enlla\u00e7<\/a>.<\/p>\n","protected":false},"excerpt":{"rendered":"<p>Aquest any, la pluja no ha pogut aturar-nos! Tot i el temps, hem celebrat el Carnaval al gimn\u00e0s, un espai que s\u2019ha omplert de colors, m\u00fasica i molta alegria. L\u2019alumnat ha pogut lluir les seves disfresses i mostrar tot el que ha preparat amb il\u00b7lusi\u00f3&hellip;  <a href=\"https:\/\/agora.xtec.cat\/ceip-fontfreda\/general\/celebrant-el-carnaval-un-viatge-per-les-cultures\/\" title=\"Read Celebrant el Carnaval: un viatge per les cultures\">Llegeix m\u00e9s\u00bb<\/a><\/p>\n","protected":false},"author":13,"featured_media":11595,"comment_status":"open","ping_status":"open","sticky":false,"template":"","format":"standard","meta":{"_bbp_topic_count":0,"_bbp_reply_count":0,"_bbp_total_topic_count":0,"_bbp_total_reply_count":0,"_bbp_voice_count":0,"_bbp_anonymous_reply_count":0,"_bbp_topic_count_hidden":0,"_bbp_reply_count_hidden":0,"_bbp_forum_subforum_count":0,"footnotes":""},"categories":[1,2,4,5],"tags":[],"class_list":["post-11591","post","type-post","status-publish","format-standard","has-post-thumbnail","hentry","category-general","category-infantil","category-portada","category-primaria"],"post_mailing_queue_ids":[],"_links":{"self":[{"href":"https:\/\/agora.xtec.cat\/ceip-fontfreda\/wp-json\/wp\/v2\/posts\/11591","targetHints":{"allow":["GET"]}}],"collection":[{"href":"https:\/\/agora.xtec.cat\/ceip-fontfreda\/wp-json\/wp\/v2\/posts"}],"about":[{"href":"https:\/\/agora.xtec.cat\/ceip-fontfreda\/wp-json\/wp\/v2\/types\/post"}],"author":[{"embeddable":true,"href":"https:\/\/agora.xtec.cat\/ceip-fontfreda\/wp-json\/wp\/v2\/users\/13"}],"replies":[{"embeddable":true,"href":"https:\/\/agora.xtec.cat\/ceip-fontfreda\/wp-json\/wp\/v2\/comments?post=11591"}],"version-history":[{"count":2,"href":"https:\/\/agora.xtec.cat\/ceip-fontfreda\/wp-json\/wp\/v2\/posts\/11591\/revisions"}],"predecessor-version":[{"id":11596,"href":"https:\/\/agora.xtec.cat\/ceip-fontfreda\/wp-json\/wp\/v2\/posts\/11591\/revisions\/11596"}],"wp:featuredmedia":[{"embeddable":true,"href":"https:\/\/agora.xtec.cat\/ceip-fontfreda\/wp-json\/wp\/v2\/media\/11595"}],"wp:attachment":[{"href":"https:\/\/agora.xtec.cat\/ceip-fontfreda\/wp-json\/wp\/v2\/media?parent=11591"}],"wp:term":[{"taxonomy":"category","embeddable":true,"href":"https:\/\/agora.xtec.cat\/ceip-fontfreda\/wp-json\/wp\/v2\/categories?post=11591"},{"taxonomy":"post_tag","embeddable":true,"href":"https:\/\/agora.xtec.cat\/ceip-fontfreda\/wp-json\/wp\/v2\/tags?post=11591"}],"curies":[{"name":"wp","href":"https:\/\/api.w.org\/{rel}","templated":true}]}}