{"id":11584,"date":"2026-01-01T20:13:56","date_gmt":"2026-01-01T19:13:56","guid":{"rendered":"https:\/\/agora.xtec.cat\/ceip-fontfreda\/?p=11584"},"modified":"2026-01-01T20:41:58","modified_gmt":"2026-01-01T19:41:58","slug":"concert-dhivern","status":"publish","type":"post","link":"https:\/\/agora.xtec.cat\/ceip-fontfreda\/general\/concert-dhivern\/","title":{"rendered":"CONCERT D&#8217;HIVERN"},"content":{"rendered":"<p data-start=\"181\" data-end=\"467\">El passat mes de desembre, el nostre teatre es va omplir de m\u00fasica i emocions amb el concert d\u2019hivern. Va ser un moment molt especial, en qu\u00e8 l\u2019alumnat va poder compartir tot all\u00f2 treballat a l\u2019aula de m\u00fasica i angl\u00e8s amb les fam\u00edlies, convertint l\u2019esfor\u00e7 i els assajos en actuacions plenes de sentit.<\/p>\n<p data-start=\"469\" data-end=\"719\">\u00a0Gr\u00e0cies a totes les fam\u00edlies per acompanyar-nos, animar i fer d\u2019aquests moments un record tan bonic.<\/p>\n<p data-start=\"721\" data-end=\"854\">A continuaci\u00f3 podeu trobar <a href=\"https:\/\/www.youtube.com\/playlist?list=PLjXsTHFaWbLxWV2ARrIvvp3K4sJcyIsuM\">els v\u00eddeos del concert<\/a>, perqu\u00e8 els pugueu tornar a gaudir, compartir i recordar sempre que vulgueu. I aqu\u00ed un <a href=\"https:\/\/drive.google.com\/drive\/folders\/1yI7WQJHIWsOCKNLdKvKTs67PmwkVoCXP?usp=sharing\">recull de fotografies<\/a>.<\/p>\n<p data-start=\"856\" data-end=\"1055\">Aprofitem tamb\u00e9 per desitjar-vos un molt bon any nou, ple de salut, aprenentatges, conviv\u00e8ncia i nous reptes compartits. Continuem caminant plegats aquest 2026, amb el viatge per les cultures com a fil conductor.<\/p>\n<p data-start=\"1057\" data-end=\"1076\">Bon any a tothom!<\/p>\n<p data-start=\"1078\" data-end=\"1099\"><em data-start=\"1078\" data-end=\"1099\">L\u2019equip de l\u2019escola<\/em><\/p>\n","protected":false},"excerpt":{"rendered":"<p>El passat mes de desembre, el nostre teatre es va omplir de m\u00fasica i emocions amb el concert d\u2019hivern. Va ser un moment molt especial, en qu\u00e8 l\u2019alumnat va poder compartir tot all\u00f2 treballat a l\u2019aula de m\u00fasica i angl\u00e8s amb les fam\u00edlies, convertint l\u2019esfor\u00e7&hellip;  <a href=\"https:\/\/agora.xtec.cat\/ceip-fontfreda\/general\/concert-dhivern\/\" title=\"Read CONCERT D&#8217;HIVERN\">Llegeix m\u00e9s\u00bb<\/a><\/p>\n","protected":false},"author":13,"featured_media":11585,"comment_status":"open","ping_status":"open","sticky":false,"template":"","format":"standard","meta":{"_bbp_topic_count":0,"_bbp_reply_count":0,"_bbp_total_topic_count":0,"_bbp_total_reply_count":0,"_bbp_voice_count":0,"_bbp_anonymous_reply_count":0,"_bbp_topic_count_hidden":0,"_bbp_reply_count_hidden":0,"_bbp_forum_subforum_count":0,"footnotes":""},"categories":[76,73,1,75,4],"tags":[],"class_list":["post-11584","post","type-post","status-publish","format-standard","has-post-thumbnail","hentry","category-eng","category-especialitats","category-general","category-mus","category-portada"],"post_mailing_queue_ids":[],"_links":{"self":[{"href":"https:\/\/agora.xtec.cat\/ceip-fontfreda\/wp-json\/wp\/v2\/posts\/11584","targetHints":{"allow":["GET"]}}],"collection":[{"href":"https:\/\/agora.xtec.cat\/ceip-fontfreda\/wp-json\/wp\/v2\/posts"}],"about":[{"href":"https:\/\/agora.xtec.cat\/ceip-fontfreda\/wp-json\/wp\/v2\/types\/post"}],"author":[{"embeddable":true,"href":"https:\/\/agora.xtec.cat\/ceip-fontfreda\/wp-json\/wp\/v2\/users\/13"}],"replies":[{"embeddable":true,"href":"https:\/\/agora.xtec.cat\/ceip-fontfreda\/wp-json\/wp\/v2\/comments?post=11584"}],"version-history":[{"count":2,"href":"https:\/\/agora.xtec.cat\/ceip-fontfreda\/wp-json\/wp\/v2\/posts\/11584\/revisions"}],"predecessor-version":[{"id":11587,"href":"https:\/\/agora.xtec.cat\/ceip-fontfreda\/wp-json\/wp\/v2\/posts\/11584\/revisions\/11587"}],"wp:featuredmedia":[{"embeddable":true,"href":"https:\/\/agora.xtec.cat\/ceip-fontfreda\/wp-json\/wp\/v2\/media\/11585"}],"wp:attachment":[{"href":"https:\/\/agora.xtec.cat\/ceip-fontfreda\/wp-json\/wp\/v2\/media?parent=11584"}],"wp:term":[{"taxonomy":"category","embeddable":true,"href":"https:\/\/agora.xtec.cat\/ceip-fontfreda\/wp-json\/wp\/v2\/categories?post=11584"},{"taxonomy":"post_tag","embeddable":true,"href":"https:\/\/agora.xtec.cat\/ceip-fontfreda\/wp-json\/wp\/v2\/tags?post=11584"}],"curies":[{"name":"wp","href":"https:\/\/api.w.org\/{rel}","templated":true}]}}