{"id":11576,"date":"2025-12-19T17:00:53","date_gmt":"2025-12-19T16:00:53","guid":{"rendered":"https:\/\/agora.xtec.cat\/ceip-fontfreda\/?p=11576"},"modified":"2025-12-18T13:49:25","modified_gmt":"2025-12-18T12:49:25","slug":"celebrem-el-nadal-a-lescola","status":"publish","type":"post","link":"https:\/\/agora.xtec.cat\/ceip-fontfreda\/general\/celebrem-el-nadal-a-lescola\/","title":{"rendered":"Celebrem el nadal a l&#8217;escola"},"content":{"rendered":"<p><a href=\"https:\/\/agora.xtec.cat\/ceip-fontfreda\/wp-content\/uploads\/usu813\/2025\/12\/20251217_092516-1-scaled.jpg\"><img loading=\"lazy\" decoding=\"async\" class=\"wp-image-11579 aligncenter\" src=\"https:\/\/agora.xtec.cat\/ceip-fontfreda\/wp-content\/uploads\/usu813\/2025\/12\/20251217_092516-1-1024x768.jpg\" alt=\"\" width=\"454\" height=\"341\" srcset=\"https:\/\/agora.xtec.cat\/ceip-fontfreda\/wp-content\/uploads\/usu813\/2025\/12\/20251217_092516-1-1024x768.jpg 1024w, https:\/\/agora.xtec.cat\/ceip-fontfreda\/wp-content\/uploads\/usu813\/2025\/12\/20251217_092516-1-300x225.jpg 300w, https:\/\/agora.xtec.cat\/ceip-fontfreda\/wp-content\/uploads\/usu813\/2025\/12\/20251217_092516-1-768x576.jpg 768w, https:\/\/agora.xtec.cat\/ceip-fontfreda\/wp-content\/uploads\/usu813\/2025\/12\/20251217_092516-1-1536x1152.jpg 1536w, https:\/\/agora.xtec.cat\/ceip-fontfreda\/wp-content\/uploads\/usu813\/2025\/12\/20251217_092516-1-2048x1536.jpg 2048w, https:\/\/agora.xtec.cat\/ceip-fontfreda\/wp-content\/uploads\/usu813\/2025\/12\/20251217_092516-1-200x150.jpg 200w\" sizes=\"auto, (max-width: 454px) 100vw, 454px\" \/><\/a><\/p>\n<p>A finals de trimestre a la classe de 4t hem fet activitats relacionades amb les festes de nadal. Hem apr\u00e8s un poema molt bonic, hem preparat un concert de nadal preci\u00f3s, hem fet manualitats, hem escoltat can\u00e7ons nadalenques que ens agraden, i hem gaudit molt. Us deixem <a href=\"https:\/\/drive.google.com\/drive\/folders\/18SVioyM1PPUcfZqc5audW5gJLNBYdwAL?usp=sharing\">aqu\u00ed<\/a> un petit recull de fotos d&#8217;algunes de les activitats que hem fet.<\/p>\n<p style=\"text-align: center\">\n<p>Bones festes a tothom! \ud83c\udf84<\/p>\n","protected":false},"excerpt":{"rendered":"<p><a href=\"https:\/\/agora.xtec.cat\/ceip-fontfreda\/wp-content\/uploads\/usu813\/2025\/12\/20251217_092516-1-scaled.jpg\"><\/a><br \/>\nA finals de trimestre a la classe de 4t hem fet activitats relacionades amb les festes de nadal. Hem apr\u00e8s un poema molt bonic, hem preparat un concert de nadal preci\u00f3s, hem fet manualitats, hem escoltat can\u00e7ons nadalenques que ens agraden, i hem gaudit&hellip;  <a href=\"https:\/\/agora.xtec.cat\/ceip-fontfreda\/general\/celebrem-el-nadal-a-lescola\/\" title=\"Read Celebrem el nadal a l&#8217;escola\">Llegeix m\u00e9s\u00bb<\/a><\/p>\n","protected":false},"author":81,"featured_media":11577,"comment_status":"open","ping_status":"open","sticky":false,"template":"","format":"standard","meta":{"_bbp_topic_count":0,"_bbp_reply_count":0,"_bbp_total_topic_count":0,"_bbp_total_reply_count":0,"_bbp_voice_count":0,"_bbp_anonymous_reply_count":0,"_bbp_topic_count_hidden":0,"_bbp_reply_count_hidden":0,"_bbp_forum_subforum_count":0,"footnotes":""},"categories":[13,1,4,5],"tags":[],"class_list":["post-11576","post","type-post","status-publish","format-standard","has-post-thumbnail","hentry","category-4t","category-general","category-portada","category-primaria"],"post_mailing_queue_ids":[],"_links":{"self":[{"href":"https:\/\/agora.xtec.cat\/ceip-fontfreda\/wp-json\/wp\/v2\/posts\/11576","targetHints":{"allow":["GET"]}}],"collection":[{"href":"https:\/\/agora.xtec.cat\/ceip-fontfreda\/wp-json\/wp\/v2\/posts"}],"about":[{"href":"https:\/\/agora.xtec.cat\/ceip-fontfreda\/wp-json\/wp\/v2\/types\/post"}],"author":[{"embeddable":true,"href":"https:\/\/agora.xtec.cat\/ceip-fontfreda\/wp-json\/wp\/v2\/users\/81"}],"replies":[{"embeddable":true,"href":"https:\/\/agora.xtec.cat\/ceip-fontfreda\/wp-json\/wp\/v2\/comments?post=11576"}],"version-history":[{"count":2,"href":"https:\/\/agora.xtec.cat\/ceip-fontfreda\/wp-json\/wp\/v2\/posts\/11576\/revisions"}],"predecessor-version":[{"id":11580,"href":"https:\/\/agora.xtec.cat\/ceip-fontfreda\/wp-json\/wp\/v2\/posts\/11576\/revisions\/11580"}],"wp:featuredmedia":[{"embeddable":true,"href":"https:\/\/agora.xtec.cat\/ceip-fontfreda\/wp-json\/wp\/v2\/media\/11577"}],"wp:attachment":[{"href":"https:\/\/agora.xtec.cat\/ceip-fontfreda\/wp-json\/wp\/v2\/media?parent=11576"}],"wp:term":[{"taxonomy":"category","embeddable":true,"href":"https:\/\/agora.xtec.cat\/ceip-fontfreda\/wp-json\/wp\/v2\/categories?post=11576"},{"taxonomy":"post_tag","embeddable":true,"href":"https:\/\/agora.xtec.cat\/ceip-fontfreda\/wp-json\/wp\/v2\/tags?post=11576"}],"curies":[{"name":"wp","href":"https:\/\/api.w.org\/{rel}","templated":true}]}}