{"id":11569,"date":"2025-11-20T18:27:09","date_gmt":"2025-11-20T17:27:09","guid":{"rendered":"https:\/\/agora.xtec.cat\/ceip-fontfreda\/?p=11569"},"modified":"2025-11-20T18:27:09","modified_gmt":"2025-11-20T17:27:09","slug":"educacio-infantil-tastet-de-tardor-2","status":"publish","type":"post","link":"https:\/\/agora.xtec.cat\/ceip-fontfreda\/general\/educacio-infantil-tastet-de-tardor-2\/","title":{"rendered":"Educaci\u00f3 infantil: Tastet de Tardor"},"content":{"rendered":"<p><a href=\"https:\/\/agora.xtec.cat\/ceip-fontfreda\/wp-content\/uploads\/usu813\/2025\/11\/10.10-fruita-verdura-tardor_fb-940x674-1.png\"><img loading=\"lazy\" decoding=\"async\" class=\"alignnone  wp-image-11570\" src=\"https:\/\/agora.xtec.cat\/ceip-fontfreda\/wp-content\/uploads\/usu813\/2025\/11\/10.10-fruita-verdura-tardor_fb-940x674-1.png\" alt=\"\" width=\"295\" height=\"211\" srcset=\"https:\/\/agora.xtec.cat\/ceip-fontfreda\/wp-content\/uploads\/usu813\/2025\/11\/10.10-fruita-verdura-tardor_fb-940x674-1.png 940w, https:\/\/agora.xtec.cat\/ceip-fontfreda\/wp-content\/uploads\/usu813\/2025\/11\/10.10-fruita-verdura-tardor_fb-940x674-1-300x215.png 300w, https:\/\/agora.xtec.cat\/ceip-fontfreda\/wp-content\/uploads\/usu813\/2025\/11\/10.10-fruita-verdura-tardor_fb-940x674-1-768x551.png 768w\" sizes=\"auto, (max-width: 295px) 100vw, 295px\" \/><\/a><\/p>\n<p data-start=\"105\" data-end=\"119\">Hola fam\u00edlies,<\/p>\n<p data-start=\"121\" data-end=\"433\">Avui tot el cicle d\u2019infantil hem gaudit d\u2019un meravell\u00f3s <strong data-start=\"177\" data-end=\"197\">tastet de tardor<\/strong> elaborat amb les fruites que, amb tanta il\u00b7lusi\u00f3, vam comprar ahir al mercat. Ha estat una activitat molt completa en qu\u00e8 els nens i nenes han pogut <strong data-start=\"342\" data-end=\"380\">observar, manipular i experimentar<\/strong> amb els colors i textures pr\u00f2pies d\u2019aquesta estaci\u00f3.<\/p>\n<p data-start=\"435\" data-end=\"682\">Hem tallat, pelat i desgranat les diferents fruites, tot fomentant l\u2019autonomia i la participaci\u00f3 de tots els nens i nenes. Tamb\u00e9 hem preparat <strong data-start=\"577\" data-end=\"592\">suc natural<\/strong>, descobrint com canvia la fruita quan la transformem i observant-ne l\u2019aroma i el color.<\/p>\n<p data-start=\"684\" data-end=\"878\">Les fruites estaven delicioses, i l\u2019activitat ens ha brindat l\u2019oportunitat de <strong data-start=\"762\" data-end=\"795\">descobrir nous sabors i olors<\/strong>, alhora que hem treballat h\u00e0bits saludables i el gust per provar aliments variats.<\/p>\n<p data-start=\"880\" data-end=\"1017\">Ens ho hem passat d\u2019all\u00f2 m\u00e9s b\u00e9 i hem compartit estones de cooperaci\u00f3, alegria i descobertes! Una experi\u00e8ncia que, sens dubte, repetirem.<\/p>\n<p>Voleu veure fotografies?<\/p>\n<p><a href=\"https:\/\/drive.google.com\/drive\/folders\/1zjRQLf3NuL_kcyuO3d6WcRfDOxfZrxZr?usp=sharing\">Tastet de Tardor<\/a><\/p>\n<p>Les mestres d&#8217;educaci\u00f3 infantil<\/p>\n","protected":false},"excerpt":{"rendered":"<p><a href=\"https:\/\/agora.xtec.cat\/ceip-fontfreda\/wp-content\/uploads\/usu813\/2025\/11\/10.10-fruita-verdura-tardor_fb-940x674-1.png\"><\/a><br \/>\nHola fam\u00edlies,<br \/>\nAvui tot el cicle d\u2019infantil hem gaudit d\u2019un meravell\u00f3s tastet de tardor elaborat amb les fruites que, amb tanta il\u00b7lusi\u00f3, vam comprar ahir al mercat. Ha estat una activitat molt completa en qu\u00e8 els nens i nenes han pogut observar, manipular i experimentar&hellip;  <a href=\"https:\/\/agora.xtec.cat\/ceip-fontfreda\/general\/educacio-infantil-tastet-de-tardor-2\/\" title=\"Read Educaci\u00f3 infantil: Tastet de Tardor\">Llegeix m\u00e9s\u00bb<\/a><\/p>\n","protected":false},"author":53,"featured_media":0,"comment_status":"open","ping_status":"open","sticky":false,"template":"","format":"standard","meta":{"_bbp_topic_count":0,"_bbp_reply_count":0,"_bbp_total_topic_count":0,"_bbp_total_reply_count":0,"_bbp_voice_count":0,"_bbp_anonymous_reply_count":0,"_bbp_topic_count_hidden":0,"_bbp_reply_count_hidden":0,"_bbp_forum_subforum_count":0,"footnotes":""},"categories":[1,3,8,9,2,4],"tags":[],"class_list":["post-11569","post","type-post","status-publish","format-standard","hentry","category-general","category-i3","category-i4","category-i5","category-infantil","category-portada"],"post_mailing_queue_ids":[],"_links":{"self":[{"href":"https:\/\/agora.xtec.cat\/ceip-fontfreda\/wp-json\/wp\/v2\/posts\/11569","targetHints":{"allow":["GET"]}}],"collection":[{"href":"https:\/\/agora.xtec.cat\/ceip-fontfreda\/wp-json\/wp\/v2\/posts"}],"about":[{"href":"https:\/\/agora.xtec.cat\/ceip-fontfreda\/wp-json\/wp\/v2\/types\/post"}],"author":[{"embeddable":true,"href":"https:\/\/agora.xtec.cat\/ceip-fontfreda\/wp-json\/wp\/v2\/users\/53"}],"replies":[{"embeddable":true,"href":"https:\/\/agora.xtec.cat\/ceip-fontfreda\/wp-json\/wp\/v2\/comments?post=11569"}],"version-history":[{"count":1,"href":"https:\/\/agora.xtec.cat\/ceip-fontfreda\/wp-json\/wp\/v2\/posts\/11569\/revisions"}],"predecessor-version":[{"id":11571,"href":"https:\/\/agora.xtec.cat\/ceip-fontfreda\/wp-json\/wp\/v2\/posts\/11569\/revisions\/11571"}],"wp:attachment":[{"href":"https:\/\/agora.xtec.cat\/ceip-fontfreda\/wp-json\/wp\/v2\/media?parent=11569"}],"wp:term":[{"taxonomy":"category","embeddable":true,"href":"https:\/\/agora.xtec.cat\/ceip-fontfreda\/wp-json\/wp\/v2\/categories?post=11569"},{"taxonomy":"post_tag","embeddable":true,"href":"https:\/\/agora.xtec.cat\/ceip-fontfreda\/wp-json\/wp\/v2\/tags?post=11569"}],"curies":[{"name":"wp","href":"https:\/\/api.w.org\/{rel}","templated":true}]}}