{"id":11566,"date":"2025-11-19T17:36:05","date_gmt":"2025-11-19T16:36:05","guid":{"rendered":"https:\/\/agora.xtec.cat\/ceip-fontfreda\/?p=11566"},"modified":"2025-11-19T17:36:05","modified_gmt":"2025-11-19T16:36:05","slug":"educacio-infantil-sortida-al-mercat","status":"publish","type":"post","link":"https:\/\/agora.xtec.cat\/ceip-fontfreda\/general\/educacio-infantil-sortida-al-mercat\/","title":{"rendered":"Educaci\u00f3 infantil: Sortida al Mercat"},"content":{"rendered":"<p data-start=\"135\" data-end=\"150\"><a href=\"https:\/\/agora.xtec.cat\/ceip-fontfreda\/wp-content\/uploads\/usu813\/2025\/11\/7g5a6675-1.jpg\"><img loading=\"lazy\" decoding=\"async\" class=\"alignnone  wp-image-11567\" src=\"https:\/\/agora.xtec.cat\/ceip-fontfreda\/wp-content\/uploads\/usu813\/2025\/11\/7g5a6675-1.jpg\" alt=\"\" width=\"321\" height=\"214\" srcset=\"https:\/\/agora.xtec.cat\/ceip-fontfreda\/wp-content\/uploads\/usu813\/2025\/11\/7g5a6675-1.jpg 851w, https:\/\/agora.xtec.cat\/ceip-fontfreda\/wp-content\/uploads\/usu813\/2025\/11\/7g5a6675-1-300x200.jpg 300w, https:\/\/agora.xtec.cat\/ceip-fontfreda\/wp-content\/uploads\/usu813\/2025\/11\/7g5a6675-1-768x512.jpg 768w\" sizes=\"auto, (max-width: 321px) 100vw, 321px\" \/><\/a><\/p>\n<p data-start=\"135\" data-end=\"150\">Hola fam\u00edlies,<\/p>\n<p data-start=\"152\" data-end=\"439\">Avui, els alumnes d&#8217;i4 i i5, han fet una visita al mercat del barri amb l\u2019objectiu de comprar fruites pr\u00f2pies de la temporada. Tots els nens i nenes anaven ben preparats, amb les seves llistes de la compra, i quan hem arribat a la parada de fruites i verdures, hem pogut adquirir tot el que necessit\u00e0vem.<\/p>\n<p data-start=\"441\" data-end=\"680\">L&#8217;activitat ha estat molt enriquidora, ja que els alumnes han pogut con\u00e8ixer de primera m\u00e0 els productes de temporada i aprendre sobre els costums i productes del mercat local. Ha estat una experi\u00e8ncia molt educativa i hem apr\u00e8s molt\u00edssim. Voleu veure fotogr\u00e0fies?<\/p>\n<p data-start=\"441\" data-end=\"680\"><a href=\"https:\/\/drive.google.com\/drive\/folders\/1KdwqgABAX97RqVZtZQQpbAa9K5H1MLlO?usp=sharing\">Infantil 4<\/a><\/p>\n<p data-start=\"441\" data-end=\"680\"><a href=\"https:\/\/drive.google.com\/drive\/folders\/1AyR3Kttl1T4JUyKEGno1epvn8Mw9kMjm?usp=sharing\">Infantil 5<\/a><\/p>\n<p data-start=\"441\" data-end=\"680\">Les mestres d&#8217;educaci\u00f3 infantil<\/p>\n","protected":false},"excerpt":{"rendered":"<p><a href=\"https:\/\/agora.xtec.cat\/ceip-fontfreda\/wp-content\/uploads\/usu813\/2025\/11\/7g5a6675-1.jpg\"><\/a><br \/>\nHola fam\u00edlies,<br \/>\nAvui, els alumnes d&#8217;i4 i i5, han fet una visita al mercat del barri amb l\u2019objectiu de comprar fruites pr\u00f2pies de la temporada. Tots els nens i nenes anaven ben preparats, amb les seves llistes de la compra, i quan hem arribat a&hellip;  <a href=\"https:\/\/agora.xtec.cat\/ceip-fontfreda\/general\/educacio-infantil-sortida-al-mercat\/\" title=\"Read Educaci\u00f3 infantil: Sortida al Mercat\">Llegeix m\u00e9s\u00bb<\/a><\/p>\n","protected":false},"author":53,"featured_media":0,"comment_status":"open","ping_status":"open","sticky":false,"template":"","format":"standard","meta":{"_bbp_topic_count":0,"_bbp_reply_count":0,"_bbp_total_topic_count":0,"_bbp_total_reply_count":0,"_bbp_voice_count":0,"_bbp_anonymous_reply_count":0,"_bbp_topic_count_hidden":0,"_bbp_reply_count_hidden":0,"_bbp_forum_subforum_count":0,"footnotes":""},"categories":[1,8,9,2,4],"tags":[],"class_list":["post-11566","post","type-post","status-publish","format-standard","hentry","category-general","category-i4","category-i5","category-infantil","category-portada"],"post_mailing_queue_ids":[],"_links":{"self":[{"href":"https:\/\/agora.xtec.cat\/ceip-fontfreda\/wp-json\/wp\/v2\/posts\/11566","targetHints":{"allow":["GET"]}}],"collection":[{"href":"https:\/\/agora.xtec.cat\/ceip-fontfreda\/wp-json\/wp\/v2\/posts"}],"about":[{"href":"https:\/\/agora.xtec.cat\/ceip-fontfreda\/wp-json\/wp\/v2\/types\/post"}],"author":[{"embeddable":true,"href":"https:\/\/agora.xtec.cat\/ceip-fontfreda\/wp-json\/wp\/v2\/users\/53"}],"replies":[{"embeddable":true,"href":"https:\/\/agora.xtec.cat\/ceip-fontfreda\/wp-json\/wp\/v2\/comments?post=11566"}],"version-history":[{"count":1,"href":"https:\/\/agora.xtec.cat\/ceip-fontfreda\/wp-json\/wp\/v2\/posts\/11566\/revisions"}],"predecessor-version":[{"id":11568,"href":"https:\/\/agora.xtec.cat\/ceip-fontfreda\/wp-json\/wp\/v2\/posts\/11566\/revisions\/11568"}],"wp:attachment":[{"href":"https:\/\/agora.xtec.cat\/ceip-fontfreda\/wp-json\/wp\/v2\/media?parent=11566"}],"wp:term":[{"taxonomy":"category","embeddable":true,"href":"https:\/\/agora.xtec.cat\/ceip-fontfreda\/wp-json\/wp\/v2\/categories?post=11566"},{"taxonomy":"post_tag","embeddable":true,"href":"https:\/\/agora.xtec.cat\/ceip-fontfreda\/wp-json\/wp\/v2\/tags?post=11566"}],"curies":[{"name":"wp","href":"https:\/\/api.w.org\/{rel}","templated":true}]}}