{"id":11558,"date":"2025-11-11T10:15:38","date_gmt":"2025-11-11T09:15:38","guid":{"rendered":"https:\/\/agora.xtec.cat\/ceip-fontfreda\/?p=11558"},"modified":"2025-11-11T10:15:38","modified_gmt":"2025-11-11T09:15:38","slug":"celebrem-els-50-anys-de-lescola-font-freda","status":"publish","type":"post","link":"https:\/\/agora.xtec.cat\/ceip-fontfreda\/general\/celebrem-els-50-anys-de-lescola-font-freda\/","title":{"rendered":"Celebrem els 50 anys de l\u2019Escola Font Freda\u00a0!"},"content":{"rendered":"<p data-start=\"241\" data-end=\"485\">El passat 24 d\u2019octubre vam celebrar l\u2019acte institucional dels 50 anys de l\u2019Escola Font Freda, una jornada molt especial amb la participaci\u00f3 de tota la comunitat educativa i la pres\u00e8ncia de representants de l\u2019Ajuntament, la inspecci\u00f3 educativa i l\u2019AFA per commemorar mig segle d\u2019hist\u00f2ria compartida.<\/p>\n<p data-start=\"487\" data-end=\"741\">Abans de comen\u00e7ar l\u2019acte, es va fer la descoberta de la placa commemorativa dels 50 anys a la fa\u00e7ana de l\u2019escola, a c\u00e0rrec de l\u2019alcalde i la directora. El diari <em data-start=\"651\" data-end=\"671\">La Veu de Montcada<\/em> va ser-hi present per immortalitzar aquest moment tan significatiu.<\/p>\n<p data-start=\"743\" data-end=\"1069\">L\u2019acte central va comen\u00e7ar amb l\u2019himne del Font Freda, seguit dels parlaments institucionals i de les intervencions de l\u2019alumnat, que va expressar els seus desitjos per al futur de l\u2019escola. Els delegats i delegades van pujar a l\u2019escenari per llegir els missatges de cada curs i penjar-los al mural commemoratiu.<\/p>\n<p data-start=\"1071\" data-end=\"1342\">Un dels moments m\u00e9s emotius va ser quan totes les llums es van encendre alhora per bufar el past\u00eds dels 50 anys i cantar la can\u00e7\u00f3 d&#8217;aniverari. Tot seguit, el pati es va omplir de color amb el mural del 50 i el ball d\u2019inici de curs, interpretat per tot l\u2019alumnat.<\/p>\n<p data-start=\"1344\" data-end=\"1506\">La celebraci\u00f3 va cloure amb un esmorzar de pa de pessic ofert per l\u2019AFA, que va posar el punt dol\u00e7 a un mat\u00ed ple d\u2019emoci\u00f3, records i sentiment de comunitat.<\/p>\n<p data-start=\"1508\" data-end=\"1594\">\ud83d\udcf8 <em data-start=\"1511\" data-end=\"1592\">Clicant<a href=\"https:\/\/drive.google.com\/drive\/folders\/1-x_ZC12M03EizsOo5oh7iwfprqEfEBt9?usp=sharing\"> aqu\u00ed <\/a>podreu veure alguns dels moments m\u00e9s destacats de la celebraci\u00f3.<\/em><\/p>\n","protected":false},"excerpt":{"rendered":"<p>El passat 24 d\u2019octubre vam celebrar l\u2019acte institucional dels 50 anys de l\u2019Escola Font Freda, una jornada molt especial amb la participaci\u00f3 de tota la comunitat educativa i la pres\u00e8ncia de representants de l\u2019Ajuntament, la inspecci\u00f3 educativa i l\u2019AFA per commemorar mig segle d\u2019hist\u00f2ria compartida.<br \/>\nAbans&hellip;  <a href=\"https:\/\/agora.xtec.cat\/ceip-fontfreda\/general\/celebrem-els-50-anys-de-lescola-font-freda\/\" title=\"Read Celebrem els 50 anys de l\u2019Escola Font Freda\u00a0!\">Llegeix m\u00e9s\u00bb<\/a><\/p>\n","protected":false},"author":13,"featured_media":11559,"comment_status":"open","ping_status":"closed","sticky":false,"template":"","format":"standard","meta":{"_bbp_topic_count":0,"_bbp_reply_count":0,"_bbp_total_topic_count":0,"_bbp_total_reply_count":0,"_bbp_voice_count":0,"_bbp_anonymous_reply_count":0,"_bbp_topic_count_hidden":0,"_bbp_reply_count_hidden":0,"_bbp_forum_subforum_count":0,"footnotes":""},"categories":[1,4],"tags":[],"class_list":["post-11558","post","type-post","status-publish","format-standard","has-post-thumbnail","hentry","category-general","category-portada"],"post_mailing_queue_ids":[],"_links":{"self":[{"href":"https:\/\/agora.xtec.cat\/ceip-fontfreda\/wp-json\/wp\/v2\/posts\/11558","targetHints":{"allow":["GET"]}}],"collection":[{"href":"https:\/\/agora.xtec.cat\/ceip-fontfreda\/wp-json\/wp\/v2\/posts"}],"about":[{"href":"https:\/\/agora.xtec.cat\/ceip-fontfreda\/wp-json\/wp\/v2\/types\/post"}],"author":[{"embeddable":true,"href":"https:\/\/agora.xtec.cat\/ceip-fontfreda\/wp-json\/wp\/v2\/users\/13"}],"replies":[{"embeddable":true,"href":"https:\/\/agora.xtec.cat\/ceip-fontfreda\/wp-json\/wp\/v2\/comments?post=11558"}],"version-history":[{"count":1,"href":"https:\/\/agora.xtec.cat\/ceip-fontfreda\/wp-json\/wp\/v2\/posts\/11558\/revisions"}],"predecessor-version":[{"id":11560,"href":"https:\/\/agora.xtec.cat\/ceip-fontfreda\/wp-json\/wp\/v2\/posts\/11558\/revisions\/11560"}],"wp:featuredmedia":[{"embeddable":true,"href":"https:\/\/agora.xtec.cat\/ceip-fontfreda\/wp-json\/wp\/v2\/media\/11559"}],"wp:attachment":[{"href":"https:\/\/agora.xtec.cat\/ceip-fontfreda\/wp-json\/wp\/v2\/media?parent=11558"}],"wp:term":[{"taxonomy":"category","embeddable":true,"href":"https:\/\/agora.xtec.cat\/ceip-fontfreda\/wp-json\/wp\/v2\/categories?post=11558"},{"taxonomy":"post_tag","embeddable":true,"href":"https:\/\/agora.xtec.cat\/ceip-fontfreda\/wp-json\/wp\/v2\/tags?post=11558"}],"curies":[{"name":"wp","href":"https:\/\/api.w.org\/{rel}","templated":true}]}}