{"id":11556,"date":"2025-11-11T09:52:06","date_gmt":"2025-11-11T08:52:06","guid":{"rendered":"https:\/\/agora.xtec.cat\/ceip-fontfreda\/?p=11556"},"modified":"2025-11-11T09:52:06","modified_gmt":"2025-11-11T08:52:06","slug":"festa-de-la-castanyada","status":"publish","type":"post","link":"https:\/\/agora.xtec.cat\/ceip-fontfreda\/general\/festa-de-la-castanyada\/","title":{"rendered":"FESTA DE LA CASTANYADA"},"content":{"rendered":"<p data-start=\"112\" data-end=\"419\">Divendres 31 vam celebrar, com cada any, la Castanyada a l\u2019escola amb un ambient festiu i de tradici\u00f3. Els m\u00e9s petits van ballar amb les castanyeres, compartint moments de m\u00fasica i moviment. Tot seguit, tota l\u2019escola vam sortir al pati per gaudir plegats de la festa i menjar castanyes preparades per l&#8217;AFA. Una tarda de tardor per celebrar en comunitat.<\/p>\n<p data-start=\"421\" data-end=\"492\">\ud83d\udcf8 <em data-start=\"424\" data-end=\"490\">Clicant <a class=\"decorated-link\" href=\"https:\/\/drive.google.com\/drive\/folders\/1mWJYkEVf7Z39F39rAXWXeqjrvNMPZfef?usp=sharing\" rel=\"noopener\" data-start=\"433\" data-end=\"442\">aqu\u00ed<\/a> podreu veure algunes imatges de la celebraci\u00f3.<\/em><\/p>\n","protected":false},"excerpt":{"rendered":"<p>Divendres 31 vam celebrar, com cada any, la Castanyada a l\u2019escola amb un ambient festiu i de tradici\u00f3. Els m\u00e9s petits van ballar amb les castanyeres, compartint moments de m\u00fasica i moviment. Tot seguit, tota l\u2019escola vam sortir al pati per gaudir plegats de la&hellip;  <a href=\"https:\/\/agora.xtec.cat\/ceip-fontfreda\/general\/festa-de-la-castanyada\/\" title=\"Read FESTA DE LA CASTANYADA\">Llegeix m\u00e9s\u00bb<\/a><\/p>\n","protected":false},"author":13,"featured_media":11552,"comment_status":"open","ping_status":"closed","sticky":false,"template":"","format":"standard","meta":{"_bbp_topic_count":0,"_bbp_reply_count":0,"_bbp_total_topic_count":0,"_bbp_total_reply_count":0,"_bbp_voice_count":0,"_bbp_anonymous_reply_count":0,"_bbp_topic_count_hidden":0,"_bbp_reply_count_hidden":0,"_bbp_forum_subforum_count":0,"footnotes":""},"categories":[1,4],"tags":[],"class_list":["post-11556","post","type-post","status-publish","format-standard","has-post-thumbnail","hentry","category-general","category-portada"],"post_mailing_queue_ids":[],"_links":{"self":[{"href":"https:\/\/agora.xtec.cat\/ceip-fontfreda\/wp-json\/wp\/v2\/posts\/11556","targetHints":{"allow":["GET"]}}],"collection":[{"href":"https:\/\/agora.xtec.cat\/ceip-fontfreda\/wp-json\/wp\/v2\/posts"}],"about":[{"href":"https:\/\/agora.xtec.cat\/ceip-fontfreda\/wp-json\/wp\/v2\/types\/post"}],"author":[{"embeddable":true,"href":"https:\/\/agora.xtec.cat\/ceip-fontfreda\/wp-json\/wp\/v2\/users\/13"}],"replies":[{"embeddable":true,"href":"https:\/\/agora.xtec.cat\/ceip-fontfreda\/wp-json\/wp\/v2\/comments?post=11556"}],"version-history":[{"count":1,"href":"https:\/\/agora.xtec.cat\/ceip-fontfreda\/wp-json\/wp\/v2\/posts\/11556\/revisions"}],"predecessor-version":[{"id":11557,"href":"https:\/\/agora.xtec.cat\/ceip-fontfreda\/wp-json\/wp\/v2\/posts\/11556\/revisions\/11557"}],"wp:featuredmedia":[{"embeddable":true,"href":"https:\/\/agora.xtec.cat\/ceip-fontfreda\/wp-json\/wp\/v2\/media\/11552"}],"wp:attachment":[{"href":"https:\/\/agora.xtec.cat\/ceip-fontfreda\/wp-json\/wp\/v2\/media?parent=11556"}],"wp:term":[{"taxonomy":"category","embeddable":true,"href":"https:\/\/agora.xtec.cat\/ceip-fontfreda\/wp-json\/wp\/v2\/categories?post=11556"},{"taxonomy":"post_tag","embeddable":true,"href":"https:\/\/agora.xtec.cat\/ceip-fontfreda\/wp-json\/wp\/v2\/tags?post=11556"}],"curies":[{"name":"wp","href":"https:\/\/api.w.org\/{rel}","templated":true}]}}