{"id":11538,"date":"2025-10-30T15:33:43","date_gmt":"2025-10-30T14:33:43","guid":{"rendered":"https:\/\/agora.xtec.cat\/ceip-fontfreda\/?p=11538"},"modified":"2025-10-30T15:33:43","modified_gmt":"2025-10-30T14:33:43","slug":"taller-de-tardor-infantil-i-families","status":"publish","type":"post","link":"https:\/\/agora.xtec.cat\/ceip-fontfreda\/general\/taller-de-tardor-infantil-i-families\/","title":{"rendered":"TALLER DE TARDOR INFANTIL I FAM\u00cdLIES"},"content":{"rendered":"<p>El taller de fam\u00edlies amb l&#8217;equip d&#8217;infantil i els alumnes m\u00e9s petits de l&#8217;escola ha estat un \u00e8xit! les creacions de tardor han estat incre\u00efbles. Enguany hem rebut una gran participaci\u00f3 de fam\u00edlies i estem molt agra\u00efdes per la col\u00b7laboraci\u00f3. Propiciar espais escola-fam\u00edlia s\u00f3n molt importants pels nexes que s&#8217;estableixen. Si voleu veure les imatges cliqueu al damunt de la fotografia. Gr\u00e0cies!<\/p>\n<p><a href=\"https:\/\/drive.google.com\/drive\/folders\/1FewtuXl0dWm5JnhSPq4q2i9DAPQmYLHw\"><img loading=\"lazy\" decoding=\"async\" class=\"wp-image-11539 aligncenter\" src=\"https:\/\/agora.xtec.cat\/ceip-fontfreda\/wp-content\/uploads\/usu813\/2025\/10\/20251028_093758-984x1024.jpg\" alt=\"\" width=\"574\" height=\"597\" srcset=\"https:\/\/agora.xtec.cat\/ceip-fontfreda\/wp-content\/uploads\/usu813\/2025\/10\/20251028_093758-984x1024.jpg 984w, https:\/\/agora.xtec.cat\/ceip-fontfreda\/wp-content\/uploads\/usu813\/2025\/10\/20251028_093758-288x300.jpg 288w, https:\/\/agora.xtec.cat\/ceip-fontfreda\/wp-content\/uploads\/usu813\/2025\/10\/20251028_093758-768x799.jpg 768w, https:\/\/agora.xtec.cat\/ceip-fontfreda\/wp-content\/uploads\/usu813\/2025\/10\/20251028_093758-1476x1536.jpg 1476w, https:\/\/agora.xtec.cat\/ceip-fontfreda\/wp-content\/uploads\/usu813\/2025\/10\/20251028_093758-1969x2048.jpg 1969w\" sizes=\"auto, (max-width: 574px) 100vw, 574px\" \/><\/a><\/p>\n","protected":false},"excerpt":{"rendered":"<p>El taller de fam\u00edlies amb l&#8217;equip d&#8217;infantil i els alumnes m\u00e9s petits de l&#8217;escola ha estat un \u00e8xit! les creacions de tardor han estat incre\u00efbles. Enguany hem rebut una gran participaci\u00f3 de fam\u00edlies i estem molt agra\u00efdes per la col\u00b7laboraci\u00f3. Propiciar espais escola-fam\u00edlia s\u00f3n molt&hellip;  <a href=\"https:\/\/agora.xtec.cat\/ceip-fontfreda\/general\/taller-de-tardor-infantil-i-families\/\" title=\"Read TALLER DE TARDOR INFANTIL I FAM\u00cdLIES\">Llegeix m\u00e9s\u00bb<\/a><\/p>\n","protected":false},"author":22,"featured_media":11539,"comment_status":"open","ping_status":"open","sticky":false,"template":"","format":"standard","meta":{"_bbp_topic_count":0,"_bbp_reply_count":0,"_bbp_total_topic_count":0,"_bbp_total_reply_count":0,"_bbp_voice_count":0,"_bbp_anonymous_reply_count":0,"_bbp_topic_count_hidden":0,"_bbp_reply_count_hidden":0,"_bbp_forum_subforum_count":0,"footnotes":""},"categories":[1,3,8,9,2,4],"tags":[],"class_list":["post-11538","post","type-post","status-publish","format-standard","has-post-thumbnail","hentry","category-general","category-i3","category-i4","category-i5","category-infantil","category-portada"],"post_mailing_queue_ids":[],"_links":{"self":[{"href":"https:\/\/agora.xtec.cat\/ceip-fontfreda\/wp-json\/wp\/v2\/posts\/11538","targetHints":{"allow":["GET"]}}],"collection":[{"href":"https:\/\/agora.xtec.cat\/ceip-fontfreda\/wp-json\/wp\/v2\/posts"}],"about":[{"href":"https:\/\/agora.xtec.cat\/ceip-fontfreda\/wp-json\/wp\/v2\/types\/post"}],"author":[{"embeddable":true,"href":"https:\/\/agora.xtec.cat\/ceip-fontfreda\/wp-json\/wp\/v2\/users\/22"}],"replies":[{"embeddable":true,"href":"https:\/\/agora.xtec.cat\/ceip-fontfreda\/wp-json\/wp\/v2\/comments?post=11538"}],"version-history":[{"count":1,"href":"https:\/\/agora.xtec.cat\/ceip-fontfreda\/wp-json\/wp\/v2\/posts\/11538\/revisions"}],"predecessor-version":[{"id":11540,"href":"https:\/\/agora.xtec.cat\/ceip-fontfreda\/wp-json\/wp\/v2\/posts\/11538\/revisions\/11540"}],"wp:featuredmedia":[{"embeddable":true,"href":"https:\/\/agora.xtec.cat\/ceip-fontfreda\/wp-json\/wp\/v2\/media\/11539"}],"wp:attachment":[{"href":"https:\/\/agora.xtec.cat\/ceip-fontfreda\/wp-json\/wp\/v2\/media?parent=11538"}],"wp:term":[{"taxonomy":"category","embeddable":true,"href":"https:\/\/agora.xtec.cat\/ceip-fontfreda\/wp-json\/wp\/v2\/categories?post=11538"},{"taxonomy":"post_tag","embeddable":true,"href":"https:\/\/agora.xtec.cat\/ceip-fontfreda\/wp-json\/wp\/v2\/tags?post=11538"}],"curies":[{"name":"wp","href":"https:\/\/api.w.org\/{rel}","templated":true}]}}