{"id":11531,"date":"2025-10-29T05:32:48","date_gmt":"2025-10-29T04:32:48","guid":{"rendered":"https:\/\/agora.xtec.cat\/ceip-fontfreda\/?p=11531"},"modified":"2025-10-29T05:32:48","modified_gmt":"2025-10-29T04:32:48","slug":"teatre-3","status":"publish","type":"post","link":"https:\/\/agora.xtec.cat\/ceip-fontfreda\/general\/teatre-3\/","title":{"rendered":"Teatre"},"content":{"rendered":"<p>El passat 14 d&#8217;Octubre, les nenes i els nens de Cicle Inicial van gaudir d&#8217;una obra de teatre &#8220;La faula de l&#8217;esquirol&#8221;.<\/p>\n<p>En aquesta obra vam con\u00e9ixer la vida d&#8217;un esquirol i d&#8217;un eri\u00e7\u00f3 al bosc.<\/p>\n<p>Va ser molt divertit i ens ho vam passar genial!<\/p>\n<p>Cliqueu sobre la imatge per veure les fotografies!<\/p>\n<p><a href=\"https:\/\/drive.google.com\/drive\/folders\/1eZfHUUTW8G8oORR8R9vhc1BlkYg3CNHe?usp=drive_link\"><img loading=\"lazy\" decoding=\"async\" class=\"alignnone size-full wp-image-11532\" src=\"https:\/\/agora.xtec.cat\/ceip-fontfreda\/wp-content\/uploads\/usu813\/2025\/10\/teatre.jpg\" alt=\"\" width=\"257\" height=\"169\" \/><\/a><\/p>\n","protected":false},"excerpt":{"rendered":"<p>El passat 14 d&#8217;Octubre, les nenes i els nens de Cicle Inicial van gaudir d&#8217;una obra de teatre &#8220;La faula de l&#8217;esquirol&#8221;.<br \/>\nEn aquesta obra vam con\u00e9ixer la vida d&#8217;un esquirol i d&#8217;un eri\u00e7\u00f3 al bosc.<br \/>\nVa ser molt divertit i ens ho vam passar genial!<br \/>\nCliqueu sobre&hellip;  <a href=\"https:\/\/agora.xtec.cat\/ceip-fontfreda\/general\/teatre-3\/\" title=\"Read Teatre\">Llegeix m\u00e9s\u00bb<\/a><\/p>\n","protected":false},"author":9,"featured_media":0,"comment_status":"open","ping_status":"open","sticky":false,"template":"","format":"standard","meta":{"_bbp_topic_count":0,"_bbp_reply_count":0,"_bbp_total_topic_count":0,"_bbp_total_reply_count":0,"_bbp_voice_count":0,"_bbp_anonymous_reply_count":0,"_bbp_topic_count_hidden":0,"_bbp_reply_count_hidden":0,"_bbp_forum_subforum_count":0,"footnotes":""},"categories":[10,11,1,4],"tags":[],"class_list":["post-11531","post","type-post","status-publish","format-standard","hentry","category-1r","category-2n","category-general","category-portada"],"post_mailing_queue_ids":[],"_links":{"self":[{"href":"https:\/\/agora.xtec.cat\/ceip-fontfreda\/wp-json\/wp\/v2\/posts\/11531","targetHints":{"allow":["GET"]}}],"collection":[{"href":"https:\/\/agora.xtec.cat\/ceip-fontfreda\/wp-json\/wp\/v2\/posts"}],"about":[{"href":"https:\/\/agora.xtec.cat\/ceip-fontfreda\/wp-json\/wp\/v2\/types\/post"}],"author":[{"embeddable":true,"href":"https:\/\/agora.xtec.cat\/ceip-fontfreda\/wp-json\/wp\/v2\/users\/9"}],"replies":[{"embeddable":true,"href":"https:\/\/agora.xtec.cat\/ceip-fontfreda\/wp-json\/wp\/v2\/comments?post=11531"}],"version-history":[{"count":1,"href":"https:\/\/agora.xtec.cat\/ceip-fontfreda\/wp-json\/wp\/v2\/posts\/11531\/revisions"}],"predecessor-version":[{"id":11533,"href":"https:\/\/agora.xtec.cat\/ceip-fontfreda\/wp-json\/wp\/v2\/posts\/11531\/revisions\/11533"}],"wp:attachment":[{"href":"https:\/\/agora.xtec.cat\/ceip-fontfreda\/wp-json\/wp\/v2\/media?parent=11531"}],"wp:term":[{"taxonomy":"category","embeddable":true,"href":"https:\/\/agora.xtec.cat\/ceip-fontfreda\/wp-json\/wp\/v2\/categories?post=11531"},{"taxonomy":"post_tag","embeddable":true,"href":"https:\/\/agora.xtec.cat\/ceip-fontfreda\/wp-json\/wp\/v2\/tags?post=11531"}],"curies":[{"name":"wp","href":"https:\/\/api.w.org\/{rel}","templated":true}]}}