{"id":11527,"date":"2025-10-29T05:28:45","date_gmt":"2025-10-29T04:28:45","guid":{"rendered":"https:\/\/agora.xtec.cat\/ceip-fontfreda\/?p=11527"},"modified":"2025-10-29T05:29:30","modified_gmt":"2025-10-29T04:29:30","slug":"aprenentatges-a-p1","status":"publish","type":"post","link":"https:\/\/agora.xtec.cat\/ceip-fontfreda\/general\/aprenentatges-a-p1\/","title":{"rendered":"Aprenentatges a P1"},"content":{"rendered":"<p>Des que vam comen\u00e7ar el curs, els nens i les nenes de P1 A i B, s&#8217;han estat adaptant a la Prim\u00e0ria!<\/p>\n<p>Estan aprenent moltes coses de Llengua a trav\u00e9s dels racons que fem, tamb\u00e9 treballem les Matem\u00e0tiques amb materials de l&#8217;Innovamat i la seva aplicaci\u00f3, i fem moltes activitats creatives al voltant del tema de l&#8217;\u00e8poca de l&#8217;any en la que estem.<\/p>\n<p>Estan treballant molt i estan aprenent moltes coses noves!<\/p>\n<p>Cliqueu sobre la imatge per veure les fotografies!<\/p>\n<p><a href=\"https:\/\/drive.google.com\/drive\/folders\/1eZfHUUTW8G8oORR8R9vhc1BlkYg3CNHe?usp=sharing\"><img loading=\"lazy\" decoding=\"async\" class=\"alignnone size-full wp-image-11528\" src=\"https:\/\/agora.xtec.cat\/ceip-fontfreda\/wp-content\/uploads\/usu813\/2025\/10\/escola.jpg\" alt=\"\" width=\"387\" height=\"331\" srcset=\"https:\/\/agora.xtec.cat\/ceip-fontfreda\/wp-content\/uploads\/usu813\/2025\/10\/escola.jpg 387w, https:\/\/agora.xtec.cat\/ceip-fontfreda\/wp-content\/uploads\/usu813\/2025\/10\/escola-300x257.jpg 300w\" sizes=\"auto, (max-width: 387px) 100vw, 387px\" \/><\/a><\/p>\n","protected":false},"excerpt":{"rendered":"<p>Des que vam comen\u00e7ar el curs, els nens i les nenes de P1 A i B, s&#8217;han estat adaptant a la Prim\u00e0ria!<br \/>\nEstan aprenent moltes coses de Llengua a trav\u00e9s dels racons que fem, tamb\u00e9 treballem les Matem\u00e0tiques amb materials de l&#8217;Innovamat i la seva aplicaci\u00f3,&hellip;  <a href=\"https:\/\/agora.xtec.cat\/ceip-fontfreda\/general\/aprenentatges-a-p1\/\" title=\"Read Aprenentatges a P1\">Llegeix m\u00e9s\u00bb<\/a><\/p>\n","protected":false},"author":9,"featured_media":0,"comment_status":"open","ping_status":"open","sticky":false,"template":"","format":"standard","meta":{"_bbp_topic_count":0,"_bbp_reply_count":0,"_bbp_total_topic_count":0,"_bbp_total_reply_count":0,"_bbp_voice_count":0,"_bbp_anonymous_reply_count":0,"_bbp_topic_count_hidden":0,"_bbp_reply_count_hidden":0,"_bbp_forum_subforum_count":0,"footnotes":""},"categories":[10,1,4],"tags":[],"class_list":["post-11527","post","type-post","status-publish","format-standard","hentry","category-1r","category-general","category-portada"],"post_mailing_queue_ids":[],"_links":{"self":[{"href":"https:\/\/agora.xtec.cat\/ceip-fontfreda\/wp-json\/wp\/v2\/posts\/11527","targetHints":{"allow":["GET"]}}],"collection":[{"href":"https:\/\/agora.xtec.cat\/ceip-fontfreda\/wp-json\/wp\/v2\/posts"}],"about":[{"href":"https:\/\/agora.xtec.cat\/ceip-fontfreda\/wp-json\/wp\/v2\/types\/post"}],"author":[{"embeddable":true,"href":"https:\/\/agora.xtec.cat\/ceip-fontfreda\/wp-json\/wp\/v2\/users\/9"}],"replies":[{"embeddable":true,"href":"https:\/\/agora.xtec.cat\/ceip-fontfreda\/wp-json\/wp\/v2\/comments?post=11527"}],"version-history":[{"count":2,"href":"https:\/\/agora.xtec.cat\/ceip-fontfreda\/wp-json\/wp\/v2\/posts\/11527\/revisions"}],"predecessor-version":[{"id":11530,"href":"https:\/\/agora.xtec.cat\/ceip-fontfreda\/wp-json\/wp\/v2\/posts\/11527\/revisions\/11530"}],"wp:attachment":[{"href":"https:\/\/agora.xtec.cat\/ceip-fontfreda\/wp-json\/wp\/v2\/media?parent=11527"}],"wp:term":[{"taxonomy":"category","embeddable":true,"href":"https:\/\/agora.xtec.cat\/ceip-fontfreda\/wp-json\/wp\/v2\/categories?post=11527"},{"taxonomy":"post_tag","embeddable":true,"href":"https:\/\/agora.xtec.cat\/ceip-fontfreda\/wp-json\/wp\/v2\/tags?post=11527"}],"curies":[{"name":"wp","href":"https:\/\/api.w.org\/{rel}","templated":true}]}}