{"id":11524,"date":"2025-10-28T13:52:54","date_gmt":"2025-10-28T12:52:54","guid":{"rendered":"https:\/\/agora.xtec.cat\/ceip-fontfreda\/?p=11524"},"modified":"2025-10-28T13:56:04","modified_gmt":"2025-10-28T12:56:04","slug":"primers-dies-i3","status":"publish","type":"post","link":"https:\/\/agora.xtec.cat\/ceip-fontfreda\/infantil\/i3\/primers-dies-i3\/","title":{"rendered":"Primers dies i3"},"content":{"rendered":"<p>Estimades fam\u00edlies, ja portem m\u00e9s d&#8217;un mes a l&#8217;escola, i els vostres fills i filles ja estan ben adaptats, ho estan fent molt b\u00e9!<\/p>\n<p>Us passo un recull de fotos dels primers dies que els nens i nenes van viure a l&#8217;escola dels grans!<\/p>\n<p><a href=\"https:\/\/drive.google.com\/drive\/folders\/14xZkenUzF8rL3HS6UZepMPuokwLcGt6M?usp=drive_link\">Primers dies d&#8217;escola i3<\/a><\/p>\n","protected":false},"excerpt":{"rendered":"<p>Estimades fam\u00edlies, ja portem m\u00e9s d&#8217;un mes a l&#8217;escola, i els vostres fills i filles ja estan ben adaptats, ho estan fent molt b\u00e9!<br \/>\nUs passo un recull de fotos dels primers dies que els nens i nenes van viure a l&#8217;escola dels grans!<br \/>\n<a href=\"https:\/\/drive.google.com\/drive\/folders\/14xZkenUzF8rL3HS6UZepMPuokwLcGt6M?usp=drive_link\">Primers dies&hellip;  <a href=\"https:\/\/agora.xtec.cat\/ceip-fontfreda\/infantil\/i3\/primers-dies-i3\/\" title=\"Read Primers dies i3\">Llegeix m\u00e9s\u00bb<\/a><\/p>\n","protected":false},"author":35,"featured_media":0,"comment_status":"open","ping_status":"closed","sticky":false,"template":"","format":"standard","meta":{"_bbp_topic_count":0,"_bbp_reply_count":0,"_bbp_total_topic_count":0,"_bbp_total_reply_count":0,"_bbp_voice_count":0,"_bbp_anonymous_reply_count":0,"_bbp_topic_count_hidden":0,"_bbp_reply_count_hidden":0,"_bbp_forum_subforum_count":0,"footnotes":""},"categories":[3,4],"tags":[],"class_list":["post-11524","post","type-post","status-publish","format-standard","hentry","category-i3","category-portada"],"post_mailing_queue_ids":[],"_links":{"self":[{"href":"https:\/\/agora.xtec.cat\/ceip-fontfreda\/wp-json\/wp\/v2\/posts\/11524","targetHints":{"allow":["GET"]}}],"collection":[{"href":"https:\/\/agora.xtec.cat\/ceip-fontfreda\/wp-json\/wp\/v2\/posts"}],"about":[{"href":"https:\/\/agora.xtec.cat\/ceip-fontfreda\/wp-json\/wp\/v2\/types\/post"}],"author":[{"embeddable":true,"href":"https:\/\/agora.xtec.cat\/ceip-fontfreda\/wp-json\/wp\/v2\/users\/35"}],"replies":[{"embeddable":true,"href":"https:\/\/agora.xtec.cat\/ceip-fontfreda\/wp-json\/wp\/v2\/comments?post=11524"}],"version-history":[{"count":2,"href":"https:\/\/agora.xtec.cat\/ceip-fontfreda\/wp-json\/wp\/v2\/posts\/11524\/revisions"}],"predecessor-version":[{"id":11526,"href":"https:\/\/agora.xtec.cat\/ceip-fontfreda\/wp-json\/wp\/v2\/posts\/11524\/revisions\/11526"}],"wp:attachment":[{"href":"https:\/\/agora.xtec.cat\/ceip-fontfreda\/wp-json\/wp\/v2\/media?parent=11524"}],"wp:term":[{"taxonomy":"category","embeddable":true,"href":"https:\/\/agora.xtec.cat\/ceip-fontfreda\/wp-json\/wp\/v2\/categories?post=11524"},{"taxonomy":"post_tag","embeddable":true,"href":"https:\/\/agora.xtec.cat\/ceip-fontfreda\/wp-json\/wp\/v2\/tags?post=11524"}],"curies":[{"name":"wp","href":"https:\/\/api.w.org\/{rel}","templated":true}]}}