{"id":11518,"date":"2025-10-24T13:32:40","date_gmt":"2025-10-24T11:32:40","guid":{"rendered":"https:\/\/agora.xtec.cat\/ceip-fontfreda\/?p=11518"},"modified":"2025-10-24T13:38:21","modified_gmt":"2025-10-24T11:38:21","slug":"educacio-infantil-lectura-compartida","status":"publish","type":"post","link":"https:\/\/agora.xtec.cat\/ceip-fontfreda\/general\/educacio-infantil-lectura-compartida\/","title":{"rendered":"Educaci\u00f3 Infantil: Compartir Moments"},"content":{"rendered":"<div dir=\"auto\">\n<p>Hola fam\u00edlies d\u2019Infantil,<\/p>\n<p>Avui comencem a repartir les maletes viatgeres, que contenen contes de la nostra biblioteca, els contes d\u2019aula i la mascota de cada classe.<\/p>\n<p>Aquesta iniciativa forma part del nostre projecte educatiu de centre i t\u00e9 com a objectiu fomentar el gust per la lectura i implicar les fam\u00edlies en el proc\u00e9s d\u2019aprenentatge dels nens i nenes.<\/p>\n<p>Us convidem a compartir aquests moments de lectura amb els vostres fills i filles, gaudint plegats de la m\u00e0gia dels contes i refor\u00e7ant el vincle entre escola i fam\u00edlia.<\/p>\n<p>Cliqueu a la imatge per veure les fotografies!<\/p>\n<\/div>\n<div dir=\"auto\"><a href=\"https:\/\/drive.google.com\/drive\/folders\/1Y5crwiHyI5nCG0c2oxkTZilVC43kI2SR?usp=sharing\"><img loading=\"lazy\" decoding=\"async\" class=\"alignnone wp-image-11519\" src=\"https:\/\/agora.xtec.cat\/ceip-fontfreda\/wp-content\/uploads\/usu813\/2025\/10\/estimula-lectura-0.jpg\" alt=\"\" width=\"235\" height=\"176\" srcset=\"https:\/\/agora.xtec.cat\/ceip-fontfreda\/wp-content\/uploads\/usu813\/2025\/10\/estimula-lectura-0.jpg 460w, https:\/\/agora.xtec.cat\/ceip-fontfreda\/wp-content\/uploads\/usu813\/2025\/10\/estimula-lectura-0-300x225.jpg 300w, https:\/\/agora.xtec.cat\/ceip-fontfreda\/wp-content\/uploads\/usu813\/2025\/10\/estimula-lectura-0-200x150.jpg 200w\" sizes=\"auto, (max-width: 235px) 100vw, 235px\" \/><\/a><\/div>\n<div dir=\"auto\"><\/div>\n<div dir=\"auto\">\n<p>Moltes gr\u00e0cies per la vostra col\u00b7laboraci\u00f3 i per formar part activa del nostre projecte!<\/p>\n<p>Equip de mestres d&#8217;infantil<\/p>\n<\/div>\n","protected":false},"excerpt":{"rendered":"<p>Hola fam\u00edlies d\u2019Infantil,<br \/>\nAvui comencem a repartir les maletes viatgeres, que contenen contes de la nostra biblioteca, els contes d\u2019aula i la mascota de cada classe.<br \/>\nAquesta iniciativa forma part del nostre projecte educatiu de centre i t\u00e9 com a objectiu fomentar el gust per la lectura&hellip;  <a href=\"https:\/\/agora.xtec.cat\/ceip-fontfreda\/general\/educacio-infantil-lectura-compartida\/\" title=\"Read Educaci\u00f3 Infantil: Compartir Moments\">Llegeix m\u00e9s\u00bb<\/a><\/p>\n","protected":false},"author":53,"featured_media":0,"comment_status":"open","ping_status":"open","sticky":false,"template":"","format":"standard","meta":{"_bbp_topic_count":0,"_bbp_reply_count":0,"_bbp_total_topic_count":0,"_bbp_total_reply_count":0,"_bbp_voice_count":0,"_bbp_anonymous_reply_count":0,"_bbp_topic_count_hidden":0,"_bbp_reply_count_hidden":0,"_bbp_forum_subforum_count":0,"footnotes":""},"categories":[1,3,8,9,2,4],"tags":[],"class_list":["post-11518","post","type-post","status-publish","format-standard","hentry","category-general","category-i3","category-i4","category-i5","category-infantil","category-portada"],"post_mailing_queue_ids":[],"_links":{"self":[{"href":"https:\/\/agora.xtec.cat\/ceip-fontfreda\/wp-json\/wp\/v2\/posts\/11518","targetHints":{"allow":["GET"]}}],"collection":[{"href":"https:\/\/agora.xtec.cat\/ceip-fontfreda\/wp-json\/wp\/v2\/posts"}],"about":[{"href":"https:\/\/agora.xtec.cat\/ceip-fontfreda\/wp-json\/wp\/v2\/types\/post"}],"author":[{"embeddable":true,"href":"https:\/\/agora.xtec.cat\/ceip-fontfreda\/wp-json\/wp\/v2\/users\/53"}],"replies":[{"embeddable":true,"href":"https:\/\/agora.xtec.cat\/ceip-fontfreda\/wp-json\/wp\/v2\/comments?post=11518"}],"version-history":[{"count":4,"href":"https:\/\/agora.xtec.cat\/ceip-fontfreda\/wp-json\/wp\/v2\/posts\/11518\/revisions"}],"predecessor-version":[{"id":11523,"href":"https:\/\/agora.xtec.cat\/ceip-fontfreda\/wp-json\/wp\/v2\/posts\/11518\/revisions\/11523"}],"wp:attachment":[{"href":"https:\/\/agora.xtec.cat\/ceip-fontfreda\/wp-json\/wp\/v2\/media?parent=11518"}],"wp:term":[{"taxonomy":"category","embeddable":true,"href":"https:\/\/agora.xtec.cat\/ceip-fontfreda\/wp-json\/wp\/v2\/categories?post=11518"},{"taxonomy":"post_tag","embeddable":true,"href":"https:\/\/agora.xtec.cat\/ceip-fontfreda\/wp-json\/wp\/v2\/tags?post=11518"}],"curies":[{"name":"wp","href":"https:\/\/api.w.org\/{rel}","templated":true}]}}