{"id":11515,"date":"2025-10-20T10:23:40","date_gmt":"2025-10-20T08:23:40","guid":{"rendered":"https:\/\/agora.xtec.cat\/ceip-fontfreda\/?p=11515"},"modified":"2025-10-20T10:23:40","modified_gmt":"2025-10-20T08:23:40","slug":"sortida-a-can-plana","status":"publish","type":"post","link":"https:\/\/agora.xtec.cat\/ceip-fontfreda\/general\/sortida-a-can-plana\/","title":{"rendered":"Sortida a Can Plana"},"content":{"rendered":"<p>El dia 17 d&#8217;octubre els alumnes de I4 i I5 van marxar d&#8217;excursi\u00f3 a Can Plana, Vallgorguina. All\u00e0 van veure molt\u00edssims animals: ases, ovelles, cabres, cavalls, gallines, vaques&#8230; a m\u00e9s a m\u00e9s van descobrir les casetes dels 3 porquets per\u00f2 sobretot van convertir-se en pirates del bosc! Una s\u00faper aventura que a partir d&#8217;un mapa van acabar trobant un tresor amagat de monedes de xocolata. Qu\u00e8 bones!<\/p>\n<p>Si voleu veure com van gaudir nom\u00e9s heu de clicar a la imatge!<\/p>\n<p><a href=\"https:\/\/drive.google.com\/drive\/folders\/1CIQU5c2XgUOHPdvaN4RWWsjfBSD6UVQ-\"><img loading=\"lazy\" decoding=\"async\" class=\"alignnone size-large wp-image-11516\" src=\"https:\/\/agora.xtec.cat\/ceip-fontfreda\/wp-content\/uploads\/usu813\/2025\/10\/IMG-20251017-WA0022-1024x576.jpeg\" alt=\"\" width=\"1024\" height=\"576\" srcset=\"https:\/\/agora.xtec.cat\/ceip-fontfreda\/wp-content\/uploads\/usu813\/2025\/10\/IMG-20251017-WA0022-1024x576.jpeg 1024w, https:\/\/agora.xtec.cat\/ceip-fontfreda\/wp-content\/uploads\/usu813\/2025\/10\/IMG-20251017-WA0022-300x169.jpeg 300w, https:\/\/agora.xtec.cat\/ceip-fontfreda\/wp-content\/uploads\/usu813\/2025\/10\/IMG-20251017-WA0022-768x432.jpeg 768w, https:\/\/agora.xtec.cat\/ceip-fontfreda\/wp-content\/uploads\/usu813\/2025\/10\/IMG-20251017-WA0022-1536x864.jpeg 1536w, https:\/\/agora.xtec.cat\/ceip-fontfreda\/wp-content\/uploads\/usu813\/2025\/10\/IMG-20251017-WA0022-2048x1152.jpeg 2048w\" sizes=\"auto, (max-width: 1024px) 100vw, 1024px\" \/><\/a><\/p>\n<p>&nbsp;<\/p>\n","protected":false},"excerpt":{"rendered":"<p>El dia 17 d&#8217;octubre els alumnes de I4 i I5 van marxar d&#8217;excursi\u00f3 a Can Plana, Vallgorguina. All\u00e0 van veure molt\u00edssims animals: ases, ovelles, cabres, cavalls, gallines, vaques&#8230; a m\u00e9s a m\u00e9s van descobrir les casetes dels 3 porquets per\u00f2 sobretot van convertir-se en pirates&hellip;  <a href=\"https:\/\/agora.xtec.cat\/ceip-fontfreda\/general\/sortida-a-can-plana\/\" title=\"Read Sortida a Can Plana\">Llegeix m\u00e9s\u00bb<\/a><\/p>\n","protected":false},"author":22,"featured_media":11516,"comment_status":"open","ping_status":"open","sticky":false,"template":"","format":"standard","meta":{"_bbp_topic_count":0,"_bbp_reply_count":0,"_bbp_total_topic_count":0,"_bbp_total_reply_count":0,"_bbp_voice_count":0,"_bbp_anonymous_reply_count":0,"_bbp_topic_count_hidden":0,"_bbp_reply_count_hidden":0,"_bbp_forum_subforum_count":0,"footnotes":""},"categories":[1,3,8,9,2,4],"tags":[],"class_list":["post-11515","post","type-post","status-publish","format-standard","has-post-thumbnail","hentry","category-general","category-i3","category-i4","category-i5","category-infantil","category-portada"],"post_mailing_queue_ids":[],"_links":{"self":[{"href":"https:\/\/agora.xtec.cat\/ceip-fontfreda\/wp-json\/wp\/v2\/posts\/11515","targetHints":{"allow":["GET"]}}],"collection":[{"href":"https:\/\/agora.xtec.cat\/ceip-fontfreda\/wp-json\/wp\/v2\/posts"}],"about":[{"href":"https:\/\/agora.xtec.cat\/ceip-fontfreda\/wp-json\/wp\/v2\/types\/post"}],"author":[{"embeddable":true,"href":"https:\/\/agora.xtec.cat\/ceip-fontfreda\/wp-json\/wp\/v2\/users\/22"}],"replies":[{"embeddable":true,"href":"https:\/\/agora.xtec.cat\/ceip-fontfreda\/wp-json\/wp\/v2\/comments?post=11515"}],"version-history":[{"count":1,"href":"https:\/\/agora.xtec.cat\/ceip-fontfreda\/wp-json\/wp\/v2\/posts\/11515\/revisions"}],"predecessor-version":[{"id":11517,"href":"https:\/\/agora.xtec.cat\/ceip-fontfreda\/wp-json\/wp\/v2\/posts\/11515\/revisions\/11517"}],"wp:featuredmedia":[{"embeddable":true,"href":"https:\/\/agora.xtec.cat\/ceip-fontfreda\/wp-json\/wp\/v2\/media\/11516"}],"wp:attachment":[{"href":"https:\/\/agora.xtec.cat\/ceip-fontfreda\/wp-json\/wp\/v2\/media?parent=11515"}],"wp:term":[{"taxonomy":"category","embeddable":true,"href":"https:\/\/agora.xtec.cat\/ceip-fontfreda\/wp-json\/wp\/v2\/categories?post=11515"},{"taxonomy":"post_tag","embeddable":true,"href":"https:\/\/agora.xtec.cat\/ceip-fontfreda\/wp-json\/wp\/v2\/tags?post=11515"}],"curies":[{"name":"wp","href":"https:\/\/api.w.org\/{rel}","templated":true}]}}