{"id":11489,"date":"2025-10-02T15:48:56","date_gmt":"2025-10-02T13:48:56","guid":{"rendered":"https:\/\/agora.xtec.cat\/ceip-fontfreda\/?p=11489"},"modified":"2025-10-09T14:13:22","modified_gmt":"2025-10-09T12:13:22","slug":"psicomotricitat-a-i5","status":"publish","type":"post","link":"https:\/\/agora.xtec.cat\/ceip-fontfreda\/general\/psicomotricitat-a-i5\/","title":{"rendered":"PSICOMOTRICITAT A I5"},"content":{"rendered":"<p>ELS INFANTS DE LA CLASSE DE I5, CONCRETAMENT LA CLASSE DE K\u00c8NIA, GAUDEIXEN I S&#8217;HO PASSEN MOLT B\u00c9 A LA CLASSE DE PSICOMOTRICITAT! AL LLARG DEL CURS PODREU VEURE DIFERENTS IMATGES EN AQUEST ENLLA\u00c7 DE LES ACTIVITATS QUE FAN. ANEU PASSANT PER AQU\u00cd DE TANT EN TANT PER ESTAR ACTUALITZATS!<\/p>\n<p>CLIQUEU A LA IMATGE!<\/p>\n<p><a href=\"https:\/\/drive.google.com\/drive\/folders\/1K9OfwbIdGZ-088xcobD1T0JiXsk1PU5z\"><img loading=\"lazy\" decoding=\"async\" class=\"alignnone size-large wp-image-11491\" src=\"https:\/\/agora.xtec.cat\/ceip-fontfreda\/wp-content\/uploads\/usu813\/2025\/10\/I5-1-1024x768.jpg\" alt=\"\" width=\"1024\" height=\"768\" srcset=\"https:\/\/agora.xtec.cat\/ceip-fontfreda\/wp-content\/uploads\/usu813\/2025\/10\/I5-1-1024x768.jpg 1024w, https:\/\/agora.xtec.cat\/ceip-fontfreda\/wp-content\/uploads\/usu813\/2025\/10\/I5-1-300x225.jpg 300w, https:\/\/agora.xtec.cat\/ceip-fontfreda\/wp-content\/uploads\/usu813\/2025\/10\/I5-1-768x576.jpg 768w, https:\/\/agora.xtec.cat\/ceip-fontfreda\/wp-content\/uploads\/usu813\/2025\/10\/I5-1-1536x1152.jpg 1536w, https:\/\/agora.xtec.cat\/ceip-fontfreda\/wp-content\/uploads\/usu813\/2025\/10\/I5-1-2048x1536.jpg 2048w, https:\/\/agora.xtec.cat\/ceip-fontfreda\/wp-content\/uploads\/usu813\/2025\/10\/I5-1-200x150.jpg 200w\" sizes=\"auto, (max-width: 1024px) 100vw, 1024px\" \/><\/a><\/p>\n","protected":false},"excerpt":{"rendered":"<p>ELS INFANTS DE LA CLASSE DE I5, CONCRETAMENT LA CLASSE DE K\u00c8NIA, GAUDEIXEN I S&#8217;HO PASSEN MOLT B\u00c9 A LA CLASSE DE PSICOMOTRICITAT! AL LLARG DEL CURS PODREU VEURE DIFERENTS IMATGES EN AQUEST ENLLA\u00c7 DE LES ACTIVITATS QUE FAN. ANEU PASSANT PER AQU\u00cd DE TANT&hellip;  <a href=\"https:\/\/agora.xtec.cat\/ceip-fontfreda\/general\/psicomotricitat-a-i5\/\" title=\"Read PSICOMOTRICITAT A I5\">Llegeix m\u00e9s\u00bb<\/a><\/p>\n","protected":false},"author":22,"featured_media":11491,"comment_status":"open","ping_status":"open","sticky":false,"template":"","format":"standard","meta":{"_bbp_topic_count":0,"_bbp_reply_count":0,"_bbp_total_topic_count":0,"_bbp_total_reply_count":0,"_bbp_voice_count":0,"_bbp_anonymous_reply_count":0,"_bbp_topic_count_hidden":0,"_bbp_reply_count_hidden":0,"_bbp_forum_subforum_count":0,"footnotes":""},"categories":[1,9,2,4],"tags":[],"class_list":["post-11489","post","type-post","status-publish","format-standard","has-post-thumbnail","hentry","category-general","category-i5","category-infantil","category-portada"],"post_mailing_queue_ids":[],"_links":{"self":[{"href":"https:\/\/agora.xtec.cat\/ceip-fontfreda\/wp-json\/wp\/v2\/posts\/11489","targetHints":{"allow":["GET"]}}],"collection":[{"href":"https:\/\/agora.xtec.cat\/ceip-fontfreda\/wp-json\/wp\/v2\/posts"}],"about":[{"href":"https:\/\/agora.xtec.cat\/ceip-fontfreda\/wp-json\/wp\/v2\/types\/post"}],"author":[{"embeddable":true,"href":"https:\/\/agora.xtec.cat\/ceip-fontfreda\/wp-json\/wp\/v2\/users\/22"}],"replies":[{"embeddable":true,"href":"https:\/\/agora.xtec.cat\/ceip-fontfreda\/wp-json\/wp\/v2\/comments?post=11489"}],"version-history":[{"count":1,"href":"https:\/\/agora.xtec.cat\/ceip-fontfreda\/wp-json\/wp\/v2\/posts\/11489\/revisions"}],"predecessor-version":[{"id":11492,"href":"https:\/\/agora.xtec.cat\/ceip-fontfreda\/wp-json\/wp\/v2\/posts\/11489\/revisions\/11492"}],"wp:featuredmedia":[{"embeddable":true,"href":"https:\/\/agora.xtec.cat\/ceip-fontfreda\/wp-json\/wp\/v2\/media\/11491"}],"wp:attachment":[{"href":"https:\/\/agora.xtec.cat\/ceip-fontfreda\/wp-json\/wp\/v2\/media?parent=11489"}],"wp:term":[{"taxonomy":"category","embeddable":true,"href":"https:\/\/agora.xtec.cat\/ceip-fontfreda\/wp-json\/wp\/v2\/categories?post=11489"},{"taxonomy":"post_tag","embeddable":true,"href":"https:\/\/agora.xtec.cat\/ceip-fontfreda\/wp-json\/wp\/v2\/tags?post=11489"}],"curies":[{"name":"wp","href":"https:\/\/api.w.org\/{rel}","templated":true}]}}