{"id":11483,"date":"2025-10-02T15:38:21","date_gmt":"2025-10-02T13:38:21","guid":{"rendered":"https:\/\/agora.xtec.cat\/ceip-fontfreda\/?p=11483"},"modified":"2025-10-09T15:20:07","modified_gmt":"2025-10-09T13:20:07","slug":"psicomotricitat-a-i3","status":"publish","type":"post","link":"https:\/\/agora.xtec.cat\/ceip-fontfreda\/general\/psicomotricitat-a-i3\/","title":{"rendered":"PSICOMOTRICITAT A I3"},"content":{"rendered":"<p>ELS INFANTS DE LA CLASSE DE I3, CONCRETAMENT LA CLASSE D&#8217;EGIPTE, GAUDEIXEN I S&#8217;HO PASSEN MOLT B\u00c9 A LA CLASSE DE PSICOMOTRICITAT! AL LLARG DEL CURS PODREU VEURE DIFERENTS IMATGES EN AQUEST ENLLA\u00c7 DE LES ACTIVITATS QUE FAN. ANEU PASSANT PER AQU\u00cd DE TANT EN TANT PER ESTAR ACTUALITZATS!<\/p>\n<p><a href=\"https:\/\/drive.google.com\/drive\/folders\/111wECdhCzM6epJ5CYU7Y2ZJUXCR-cfEQ\">CLIQUEU A LA IMATGE!<img loading=\"lazy\" decoding=\"async\" class=\"alignnone size-large wp-image-11484\" src=\"https:\/\/agora.xtec.cat\/ceip-fontfreda\/wp-content\/uploads\/usu813\/2025\/10\/IMG-20251001-WA0008-1024x461.jpg\" alt=\"\" width=\"1024\" height=\"461\" srcset=\"https:\/\/agora.xtec.cat\/ceip-fontfreda\/wp-content\/uploads\/usu813\/2025\/10\/IMG-20251001-WA0008-1024x461.jpg 1024w, https:\/\/agora.xtec.cat\/ceip-fontfreda\/wp-content\/uploads\/usu813\/2025\/10\/IMG-20251001-WA0008-300x135.jpg 300w, https:\/\/agora.xtec.cat\/ceip-fontfreda\/wp-content\/uploads\/usu813\/2025\/10\/IMG-20251001-WA0008-768x346.jpg 768w, https:\/\/agora.xtec.cat\/ceip-fontfreda\/wp-content\/uploads\/usu813\/2025\/10\/IMG-20251001-WA0008-1536x691.jpg 1536w, https:\/\/agora.xtec.cat\/ceip-fontfreda\/wp-content\/uploads\/usu813\/2025\/10\/IMG-20251001-WA0008.jpg 1600w\" sizes=\"auto, (max-width: 1024px) 100vw, 1024px\" \/><\/a><\/p>\n","protected":false},"excerpt":{"rendered":"<p>ELS INFANTS DE LA CLASSE DE I3, CONCRETAMENT LA CLASSE D&#8217;EGIPTE, GAUDEIXEN I S&#8217;HO PASSEN MOLT B\u00c9 A LA CLASSE DE PSICOMOTRICITAT! AL LLARG DEL CURS PODREU VEURE DIFERENTS IMATGES EN AQUEST ENLLA\u00c7 DE LES ACTIVITATS QUE FAN. ANEU PASSANT PER AQU\u00cd DE TANT EN&hellip;  <a href=\"https:\/\/agora.xtec.cat\/ceip-fontfreda\/general\/psicomotricitat-a-i3\/\" title=\"Read PSICOMOTRICITAT A I3\">Llegeix m\u00e9s\u00bb<\/a><\/p>\n","protected":false},"author":22,"featured_media":11484,"comment_status":"open","ping_status":"open","sticky":false,"template":"","format":"standard","meta":{"_bbp_topic_count":0,"_bbp_reply_count":0,"_bbp_total_topic_count":0,"_bbp_total_reply_count":0,"_bbp_voice_count":0,"_bbp_anonymous_reply_count":0,"_bbp_topic_count_hidden":0,"_bbp_reply_count_hidden":0,"_bbp_forum_subforum_count":0,"footnotes":""},"categories":[1,3,2,4],"tags":[],"class_list":["post-11483","post","type-post","status-publish","format-standard","has-post-thumbnail","hentry","category-general","category-i3","category-infantil","category-portada"],"post_mailing_queue_ids":[],"_links":{"self":[{"href":"https:\/\/agora.xtec.cat\/ceip-fontfreda\/wp-json\/wp\/v2\/posts\/11483","targetHints":{"allow":["GET"]}}],"collection":[{"href":"https:\/\/agora.xtec.cat\/ceip-fontfreda\/wp-json\/wp\/v2\/posts"}],"about":[{"href":"https:\/\/agora.xtec.cat\/ceip-fontfreda\/wp-json\/wp\/v2\/types\/post"}],"author":[{"embeddable":true,"href":"https:\/\/agora.xtec.cat\/ceip-fontfreda\/wp-json\/wp\/v2\/users\/22"}],"replies":[{"embeddable":true,"href":"https:\/\/agora.xtec.cat\/ceip-fontfreda\/wp-json\/wp\/v2\/comments?post=11483"}],"version-history":[{"count":1,"href":"https:\/\/agora.xtec.cat\/ceip-fontfreda\/wp-json\/wp\/v2\/posts\/11483\/revisions"}],"predecessor-version":[{"id":11485,"href":"https:\/\/agora.xtec.cat\/ceip-fontfreda\/wp-json\/wp\/v2\/posts\/11483\/revisions\/11485"}],"wp:featuredmedia":[{"embeddable":true,"href":"https:\/\/agora.xtec.cat\/ceip-fontfreda\/wp-json\/wp\/v2\/media\/11484"}],"wp:attachment":[{"href":"https:\/\/agora.xtec.cat\/ceip-fontfreda\/wp-json\/wp\/v2\/media?parent=11483"}],"wp:term":[{"taxonomy":"category","embeddable":true,"href":"https:\/\/agora.xtec.cat\/ceip-fontfreda\/wp-json\/wp\/v2\/categories?post=11483"},{"taxonomy":"post_tag","embeddable":true,"href":"https:\/\/agora.xtec.cat\/ceip-fontfreda\/wp-json\/wp\/v2\/tags?post=11483"}],"curies":[{"name":"wp","href":"https:\/\/api.w.org\/{rel}","templated":true}]}}