{"id":11424,"date":"2025-07-04T10:54:51","date_gmt":"2025-07-04T08:54:51","guid":{"rendered":"https:\/\/agora.xtec.cat\/ceip-fontfreda\/?p=11424"},"modified":"2025-07-04T10:55:57","modified_gmt":"2025-07-04T08:55:57","slug":"beneficis-socis-curs-25-26","status":"publish","type":"post","link":"https:\/\/agora.xtec.cat\/ceip-fontfreda\/afa\/beneficis-socis-curs-25-26\/","title":{"rendered":"Beneficis socis\/s\u00f2cies Curs 25-26"},"content":{"rendered":"<p><strong data-start=\"141\" data-end=\"159\"><a href=\"https:\/\/agora.xtec.cat\/ceip-fontfreda\/wp-content\/uploads\/usu813\/2024\/07\/logo-afa.jpg\"><img loading=\"lazy\" decoding=\"async\" class=\"alignnone wp-image-11097\" src=\"https:\/\/agora.xtec.cat\/ceip-fontfreda\/wp-content\/uploads\/usu813\/2024\/07\/logo-afa-1010x1024.jpg\" alt=\"\" width=\"189\" height=\"192\" srcset=\"https:\/\/agora.xtec.cat\/ceip-fontfreda\/wp-content\/uploads\/usu813\/2024\/07\/logo-afa-1010x1024.jpg 1010w, https:\/\/agora.xtec.cat\/ceip-fontfreda\/wp-content\/uploads\/usu813\/2024\/07\/logo-afa-296x300.jpg 296w, https:\/\/agora.xtec.cat\/ceip-fontfreda\/wp-content\/uploads\/usu813\/2024\/07\/logo-afa-768x779.jpg 768w, https:\/\/agora.xtec.cat\/ceip-fontfreda\/wp-content\/uploads\/usu813\/2024\/07\/logo-afa.jpg 1080w\" sizes=\"auto, (max-width: 189px) 100vw, 189px\" \/><\/a><\/strong><\/p>\n<p><strong data-start=\"141\" data-end=\"159\">Hola fam\u00edlies,<\/strong><\/p>\n<p data-start=\"161\" data-end=\"305\">Des de l\u2019AFA ja estem treballant en el proper curs i pensant en tot all\u00f2 que podem oferir per continuar millorant la nostra comunitat educativa.<\/p>\n<p data-start=\"307\" data-end=\"585\">Us adjuntem a continuaci\u00f3 un recull de <strong data-start=\"346\" data-end=\"390\">tots els beneficis de ser socis i s\u00f2cies<\/strong> de la nostra associaci\u00f3. Properament, activarem el pagament de la quota a trav\u00e9s de <strong data-start=\"475\" data-end=\"488\">TPVescola<\/strong>, i us farem arribar tota la informaci\u00f3 rellevant perqu\u00e8 disposeu de tots els detalls necessaris.<\/p>\n<p data-start=\"587\" data-end=\"643\"><strong data-start=\"587\" data-end=\"643\">Moltes gr\u00e0cies per ser-hi i per la vostra confian\u00e7a.<\/strong><\/p>\n<p data-start=\"645\" data-end=\"669\">Cordialment,<br data-start=\"657\" data-end=\"660\" \/><strong data-start=\"660\" data-end=\"669\">L\u2019AFA<\/strong><\/p>\n<p><a href=\"https:\/\/agora.xtec.cat\/ceip-fontfreda\/wp-content\/uploads\/usu813\/2025\/07\/beneficis-socis-curs-25-26.pdf\">Beneficis socis curs 25-26<\/a><\/p>\n","protected":false},"excerpt":{"rendered":"<p><a href=\"https:\/\/agora.xtec.cat\/ceip-fontfreda\/wp-content\/uploads\/usu813\/2024\/07\/logo-afa.jpg\"><\/a><br \/>\nHola fam\u00edlies,<br \/>\nDes de l\u2019AFA ja estem treballant en el proper curs i pensant en tot all\u00f2 que podem oferir per continuar millorant la nostra comunitat educativa.<br \/>\nUs adjuntem a continuaci\u00f3 un recull de tots els beneficis de ser socis i s\u00f2cies de la nostra associaci\u00f3.&hellip;  <a href=\"https:\/\/agora.xtec.cat\/ceip-fontfreda\/afa\/beneficis-socis-curs-25-26\/\" title=\"Read Beneficis socis\/s\u00f2cies Curs 25-26\">Llegeix m\u00e9s\u00bb<\/a><\/p>\n","protected":false},"author":53,"featured_media":0,"comment_status":"open","ping_status":"open","sticky":false,"template":"","format":"standard","meta":{"_bbp_topic_count":0,"_bbp_reply_count":0,"_bbp_total_topic_count":0,"_bbp_total_reply_count":0,"_bbp_voice_count":0,"_bbp_anonymous_reply_count":0,"_bbp_topic_count_hidden":0,"_bbp_reply_count_hidden":0,"_bbp_forum_subforum_count":0,"footnotes":""},"categories":[7,71],"tags":[],"class_list":["post-11424","post","type-post","status-publish","format-standard","hentry","category-afa","category-informacions-afa"],"post_mailing_queue_ids":[],"_links":{"self":[{"href":"https:\/\/agora.xtec.cat\/ceip-fontfreda\/wp-json\/wp\/v2\/posts\/11424","targetHints":{"allow":["GET"]}}],"collection":[{"href":"https:\/\/agora.xtec.cat\/ceip-fontfreda\/wp-json\/wp\/v2\/posts"}],"about":[{"href":"https:\/\/agora.xtec.cat\/ceip-fontfreda\/wp-json\/wp\/v2\/types\/post"}],"author":[{"embeddable":true,"href":"https:\/\/agora.xtec.cat\/ceip-fontfreda\/wp-json\/wp\/v2\/users\/53"}],"replies":[{"embeddable":true,"href":"https:\/\/agora.xtec.cat\/ceip-fontfreda\/wp-json\/wp\/v2\/comments?post=11424"}],"version-history":[{"count":2,"href":"https:\/\/agora.xtec.cat\/ceip-fontfreda\/wp-json\/wp\/v2\/posts\/11424\/revisions"}],"predecessor-version":[{"id":11427,"href":"https:\/\/agora.xtec.cat\/ceip-fontfreda\/wp-json\/wp\/v2\/posts\/11424\/revisions\/11427"}],"wp:attachment":[{"href":"https:\/\/agora.xtec.cat\/ceip-fontfreda\/wp-json\/wp\/v2\/media?parent=11424"}],"wp:term":[{"taxonomy":"category","embeddable":true,"href":"https:\/\/agora.xtec.cat\/ceip-fontfreda\/wp-json\/wp\/v2\/categories?post=11424"},{"taxonomy":"post_tag","embeddable":true,"href":"https:\/\/agora.xtec.cat\/ceip-fontfreda\/wp-json\/wp\/v2\/tags?post=11424"}],"curies":[{"name":"wp","href":"https:\/\/api.w.org\/{rel}","templated":true}]}}