{"id":11411,"date":"2025-06-14T07:37:03","date_gmt":"2025-06-14T05:37:03","guid":{"rendered":"https:\/\/agora.xtec.cat\/ceip-fontfreda\/?p=11411"},"modified":"2025-06-14T07:37:03","modified_gmt":"2025-06-14T05:37:03","slug":"sortida-a-la-fageda","status":"publish","type":"post","link":"https:\/\/agora.xtec.cat\/ceip-fontfreda\/general\/sortida-a-la-fageda\/","title":{"rendered":"sortida a La Fageda"},"content":{"rendered":"<p>Aquest Dijous, els nens i les nenes de Cicle Inicial i de Cicle Mitj\u00e0 van anar d&#8217;excursi\u00f3 a La Fageda de&#8217;n Jord\u00e0 a visitar la f\u00e0brica d&#8217;elaboraci\u00f3 de iogurs i melmelades de La Garrotxa.<\/p>\n<p>Va fer un dia de sol i calor important i vam gaudir de totes les explicacions que ens van donar sobre l&#8217;extracci\u00f3 de la llet de les vaques, la cura dels horts i l&#8217;elaboraci\u00f3 dels productes de La Fageda.<\/p>\n<p>Ens ho vam passar molt b\u00e9 i vam aprendre molt!<\/p>\n<p>Cliqueu la imatge per veure les fotografies!<\/p>\n<p><a href=\"https:\/\/drive.google.com\/drive\/folders\/1D7cJdYBmjIzH2ztJX53KdObTUniVILOC?usp=sharing\"><img loading=\"lazy\" decoding=\"async\" class=\"alignnone size-full wp-image-11401\" src=\"https:\/\/agora.xtec.cat\/ceip-fontfreda\/wp-content\/uploads\/usu813\/2025\/06\/SORTIDA.jpg\" alt=\"\" width=\"815\" height=\"356\" srcset=\"https:\/\/agora.xtec.cat\/ceip-fontfreda\/wp-content\/uploads\/usu813\/2025\/06\/SORTIDA.jpg 815w, https:\/\/agora.xtec.cat\/ceip-fontfreda\/wp-content\/uploads\/usu813\/2025\/06\/SORTIDA-300x131.jpg 300w, https:\/\/agora.xtec.cat\/ceip-fontfreda\/wp-content\/uploads\/usu813\/2025\/06\/SORTIDA-768x335.jpg 768w\" sizes=\"auto, (max-width: 815px) 100vw, 815px\" \/><\/a><\/p>\n","protected":false},"excerpt":{"rendered":"<p>Aquest Dijous, els nens i les nenes de Cicle Inicial i de Cicle Mitj\u00e0 van anar d&#8217;excursi\u00f3 a La Fageda de&#8217;n Jord\u00e0 a visitar la f\u00e0brica d&#8217;elaboraci\u00f3 de iogurs i melmelades de La Garrotxa.<br \/>\nVa fer un dia de sol i calor important i vam gaudir&hellip;  <a href=\"https:\/\/agora.xtec.cat\/ceip-fontfreda\/general\/sortida-a-la-fageda\/\" title=\"Read sortida a La Fageda\">Llegeix m\u00e9s\u00bb<\/a><\/p>\n","protected":false},"author":9,"featured_media":0,"comment_status":"open","ping_status":"open","sticky":false,"template":"","format":"standard","meta":{"_bbp_topic_count":0,"_bbp_reply_count":0,"_bbp_total_topic_count":0,"_bbp_total_reply_count":0,"_bbp_voice_count":0,"_bbp_anonymous_reply_count":0,"_bbp_topic_count_hidden":0,"_bbp_reply_count_hidden":0,"_bbp_forum_subforum_count":0,"footnotes":""},"categories":[10,11,1,4],"tags":[],"class_list":["post-11411","post","type-post","status-publish","format-standard","hentry","category-1r","category-2n","category-general","category-portada"],"post_mailing_queue_ids":[],"_links":{"self":[{"href":"https:\/\/agora.xtec.cat\/ceip-fontfreda\/wp-json\/wp\/v2\/posts\/11411","targetHints":{"allow":["GET"]}}],"collection":[{"href":"https:\/\/agora.xtec.cat\/ceip-fontfreda\/wp-json\/wp\/v2\/posts"}],"about":[{"href":"https:\/\/agora.xtec.cat\/ceip-fontfreda\/wp-json\/wp\/v2\/types\/post"}],"author":[{"embeddable":true,"href":"https:\/\/agora.xtec.cat\/ceip-fontfreda\/wp-json\/wp\/v2\/users\/9"}],"replies":[{"embeddable":true,"href":"https:\/\/agora.xtec.cat\/ceip-fontfreda\/wp-json\/wp\/v2\/comments?post=11411"}],"version-history":[{"count":1,"href":"https:\/\/agora.xtec.cat\/ceip-fontfreda\/wp-json\/wp\/v2\/posts\/11411\/revisions"}],"predecessor-version":[{"id":11412,"href":"https:\/\/agora.xtec.cat\/ceip-fontfreda\/wp-json\/wp\/v2\/posts\/11411\/revisions\/11412"}],"wp:attachment":[{"href":"https:\/\/agora.xtec.cat\/ceip-fontfreda\/wp-json\/wp\/v2\/media?parent=11411"}],"wp:term":[{"taxonomy":"category","embeddable":true,"href":"https:\/\/agora.xtec.cat\/ceip-fontfreda\/wp-json\/wp\/v2\/categories?post=11411"},{"taxonomy":"post_tag","embeddable":true,"href":"https:\/\/agora.xtec.cat\/ceip-fontfreda\/wp-json\/wp\/v2\/tags?post=11411"}],"curies":[{"name":"wp","href":"https:\/\/api.w.org\/{rel}","templated":true}]}}