{"id":11409,"date":"2025-06-14T07:30:31","date_gmt":"2025-06-14T05:30:31","guid":{"rendered":"https:\/\/agora.xtec.cat\/ceip-fontfreda\/?p=11409"},"modified":"2025-06-14T07:32:03","modified_gmt":"2025-06-14T05:32:03","slug":"projecte-de-geografia","status":"publish","type":"post","link":"https:\/\/agora.xtec.cat\/ceip-fontfreda\/general\/projecte-de-geografia\/","title":{"rendered":"Projecte de Geografia"},"content":{"rendered":"<p>Enguany, a 2n de Prim\u00e0ria, hem realitzat un projecte de Geografia s\u00faper interessant!<\/p>\n<p>Els nens i les nenes han apr\u00e8s moltes coses de diferents pa\u00efsos i hem pogut gaudir de les exposicions dels infants conjuntament amb alg\u00fa de la seva fam\u00edlia.<\/p>\n<p>Hem compartit moltes estones d&#8217;explicacions de molts aspectes interessants de cada pa\u00eds i hem apr\u00e8s molt!<\/p>\n<p>Gr\u00e0cies fam\u00edlies per la vostra implicaci\u00f3 i dedicaci\u00f3!<\/p>\n<p>Els vostres fills i les vostres filles us ho agrairan molt i recordaran sempre aquests moments!<\/p>\n<p>Cliqueu la imatge per veure les fotografies!<\/p>\n<p><a href=\"https:\/\/drive.google.com\/drive\/folders\/13QW3W4nLf0kBvf014jCuRTS7W8N6usVp?usp=sharing\"><img loading=\"lazy\" decoding=\"async\" class=\"alignnone size-full wp-image-11399\" src=\"https:\/\/agora.xtec.cat\/ceip-fontfreda\/wp-content\/uploads\/usu813\/2025\/06\/GEOGRAFIA.jpg\" alt=\"\" width=\"479\" height=\"450\" srcset=\"https:\/\/agora.xtec.cat\/ceip-fontfreda\/wp-content\/uploads\/usu813\/2025\/06\/GEOGRAFIA.jpg 479w, https:\/\/agora.xtec.cat\/ceip-fontfreda\/wp-content\/uploads\/usu813\/2025\/06\/GEOGRAFIA-300x282.jpg 300w\" sizes=\"auto, (max-width: 479px) 100vw, 479px\" \/><\/a><\/p>\n<p>&nbsp;<\/p>\n","protected":false},"excerpt":{"rendered":"<p>Enguany, a 2n de Prim\u00e0ria, hem realitzat un projecte de Geografia s\u00faper interessant!<br \/>\nEls nens i les nenes han apr\u00e8s moltes coses de diferents pa\u00efsos i hem pogut gaudir de les exposicions dels infants conjuntament amb alg\u00fa de la seva fam\u00edlia.<br \/>\nHem compartit moltes estones d&#8217;explicacions de&hellip;  <a href=\"https:\/\/agora.xtec.cat\/ceip-fontfreda\/general\/projecte-de-geografia\/\" title=\"Read Projecte de Geografia\">Llegeix m\u00e9s\u00bb<\/a><\/p>\n","protected":false},"author":9,"featured_media":0,"comment_status":"open","ping_status":"open","sticky":false,"template":"","format":"standard","meta":{"_bbp_topic_count":0,"_bbp_reply_count":0,"_bbp_total_topic_count":0,"_bbp_total_reply_count":0,"_bbp_voice_count":0,"_bbp_anonymous_reply_count":0,"_bbp_topic_count_hidden":0,"_bbp_reply_count_hidden":0,"_bbp_forum_subforum_count":0,"footnotes":""},"categories":[11,1,4],"tags":[],"class_list":["post-11409","post","type-post","status-publish","format-standard","hentry","category-2n","category-general","category-portada"],"post_mailing_queue_ids":[],"_links":{"self":[{"href":"https:\/\/agora.xtec.cat\/ceip-fontfreda\/wp-json\/wp\/v2\/posts\/11409","targetHints":{"allow":["GET"]}}],"collection":[{"href":"https:\/\/agora.xtec.cat\/ceip-fontfreda\/wp-json\/wp\/v2\/posts"}],"about":[{"href":"https:\/\/agora.xtec.cat\/ceip-fontfreda\/wp-json\/wp\/v2\/types\/post"}],"author":[{"embeddable":true,"href":"https:\/\/agora.xtec.cat\/ceip-fontfreda\/wp-json\/wp\/v2\/users\/9"}],"replies":[{"embeddable":true,"href":"https:\/\/agora.xtec.cat\/ceip-fontfreda\/wp-json\/wp\/v2\/comments?post=11409"}],"version-history":[{"count":1,"href":"https:\/\/agora.xtec.cat\/ceip-fontfreda\/wp-json\/wp\/v2\/posts\/11409\/revisions"}],"predecessor-version":[{"id":11410,"href":"https:\/\/agora.xtec.cat\/ceip-fontfreda\/wp-json\/wp\/v2\/posts\/11409\/revisions\/11410"}],"wp:attachment":[{"href":"https:\/\/agora.xtec.cat\/ceip-fontfreda\/wp-json\/wp\/v2\/media?parent=11409"}],"wp:term":[{"taxonomy":"category","embeddable":true,"href":"https:\/\/agora.xtec.cat\/ceip-fontfreda\/wp-json\/wp\/v2\/categories?post=11409"},{"taxonomy":"post_tag","embeddable":true,"href":"https:\/\/agora.xtec.cat\/ceip-fontfreda\/wp-json\/wp\/v2\/tags?post=11409"}],"curies":[{"name":"wp","href":"https:\/\/api.w.org\/{rel}","templated":true}]}}