{"id":11407,"date":"2025-06-14T07:25:24","date_gmt":"2025-06-14T05:25:24","guid":{"rendered":"https:\/\/agora.xtec.cat\/ceip-fontfreda\/?p=11407"},"modified":"2025-06-14T07:25:24","modified_gmt":"2025-06-14T05:25:24","slug":"jornada-ludica","status":"publish","type":"post","link":"https:\/\/agora.xtec.cat\/ceip-fontfreda\/primaria\/2n\/jornada-ludica\/","title":{"rendered":"Jornada L\u00fadica"},"content":{"rendered":"<p>Fa uns dies vam gaudir a l&#8217;escola d&#8217;un dia de jocs a l&#8217;aire lliure, la Jornada L\u00fadica!<\/p>\n<p>Vam estar amb nens i nenes d&#8217;altres classes i vam passar per diferents proves, algunes d&#8217;elles amb aigua per poder refrescar-nos!<\/p>\n<p>Ens ho vam passar d&#8217;all\u00f2 m\u00e9s b\u00e9!<\/p>\n<p>Cliqueu la imatge per veure les fotografies!<\/p>\n<p><a href=\"https:\/\/drive.google.com\/drive\/folders\/1HMPiitL5l9ssFHMW8ei78XewTnbJt0Bm?usp=sharing\"><img loading=\"lazy\" decoding=\"async\" class=\"alignnone size-full wp-image-11398\" src=\"https:\/\/agora.xtec.cat\/ceip-fontfreda\/wp-content\/uploads\/usu813\/2025\/06\/LUDICA.jpg\" alt=\"\" width=\"850\" height=\"282\" srcset=\"https:\/\/agora.xtec.cat\/ceip-fontfreda\/wp-content\/uploads\/usu813\/2025\/06\/LUDICA.jpg 850w, https:\/\/agora.xtec.cat\/ceip-fontfreda\/wp-content\/uploads\/usu813\/2025\/06\/LUDICA-300x100.jpg 300w, https:\/\/agora.xtec.cat\/ceip-fontfreda\/wp-content\/uploads\/usu813\/2025\/06\/LUDICA-768x255.jpg 768w\" sizes=\"auto, (max-width: 850px) 100vw, 850px\" \/><\/a><\/p>\n<p>&nbsp;<\/p>\n","protected":false},"excerpt":{"rendered":"<p>Fa uns dies vam gaudir a l&#8217;escola d&#8217;un dia de jocs a l&#8217;aire lliure, la Jornada L\u00fadica!<br \/>\nVam estar amb nens i nenes d&#8217;altres classes i vam passar per diferents proves, algunes d&#8217;elles amb aigua per poder refrescar-nos!<br \/>\nEns ho vam passar d&#8217;all\u00f2 m\u00e9s b\u00e9!<br \/>\nCliqueu la imatge&hellip;  <a href=\"https:\/\/agora.xtec.cat\/ceip-fontfreda\/primaria\/2n\/jornada-ludica\/\" title=\"Read Jornada L\u00fadica\">Llegeix m\u00e9s\u00bb<\/a><\/p>\n","protected":false},"author":9,"featured_media":0,"comment_status":"open","ping_status":"open","sticky":false,"template":"","format":"standard","meta":{"_bbp_topic_count":0,"_bbp_reply_count":0,"_bbp_total_topic_count":0,"_bbp_total_reply_count":0,"_bbp_voice_count":0,"_bbp_anonymous_reply_count":0,"_bbp_topic_count_hidden":0,"_bbp_reply_count_hidden":0,"_bbp_forum_subforum_count":0,"footnotes":""},"categories":[11],"tags":[],"class_list":["post-11407","post","type-post","status-publish","format-standard","hentry","category-2n"],"post_mailing_queue_ids":[],"_links":{"self":[{"href":"https:\/\/agora.xtec.cat\/ceip-fontfreda\/wp-json\/wp\/v2\/posts\/11407","targetHints":{"allow":["GET"]}}],"collection":[{"href":"https:\/\/agora.xtec.cat\/ceip-fontfreda\/wp-json\/wp\/v2\/posts"}],"about":[{"href":"https:\/\/agora.xtec.cat\/ceip-fontfreda\/wp-json\/wp\/v2\/types\/post"}],"author":[{"embeddable":true,"href":"https:\/\/agora.xtec.cat\/ceip-fontfreda\/wp-json\/wp\/v2\/users\/9"}],"replies":[{"embeddable":true,"href":"https:\/\/agora.xtec.cat\/ceip-fontfreda\/wp-json\/wp\/v2\/comments?post=11407"}],"version-history":[{"count":1,"href":"https:\/\/agora.xtec.cat\/ceip-fontfreda\/wp-json\/wp\/v2\/posts\/11407\/revisions"}],"predecessor-version":[{"id":11408,"href":"https:\/\/agora.xtec.cat\/ceip-fontfreda\/wp-json\/wp\/v2\/posts\/11407\/revisions\/11408"}],"wp:attachment":[{"href":"https:\/\/agora.xtec.cat\/ceip-fontfreda\/wp-json\/wp\/v2\/media?parent=11407"}],"wp:term":[{"taxonomy":"category","embeddable":true,"href":"https:\/\/agora.xtec.cat\/ceip-fontfreda\/wp-json\/wp\/v2\/categories?post=11407"},{"taxonomy":"post_tag","embeddable":true,"href":"https:\/\/agora.xtec.cat\/ceip-fontfreda\/wp-json\/wp\/v2\/tags?post=11407"}],"curies":[{"name":"wp","href":"https:\/\/api.w.org\/{rel}","templated":true}]}}