{"id":11404,"date":"2025-06-14T07:21:48","date_gmt":"2025-06-14T05:21:48","guid":{"rendered":"https:\/\/agora.xtec.cat\/ceip-fontfreda\/?p=11404"},"modified":"2025-06-14T07:23:12","modified_gmt":"2025-06-14T05:23:12","slug":"cooperem-jugant","status":"publish","type":"post","link":"https:\/\/agora.xtec.cat\/ceip-fontfreda\/primaria\/2n\/cooperem-jugant\/","title":{"rendered":"Cooperem Jugant"},"content":{"rendered":"<p>Durant l&#8217;edat dels nostres infants \u00e9s molt important aprendre diferents aspectes que ens serviran per cr\u00e9ixer com a persones: l&#8217;empatia, la cooperaci\u00f3, compartir, ajudar, etc.<\/p>\n<p>Tots aquests valors els hem posat en pr\u00e0ctica a trav\u00e9s d&#8217;un taller de jocs cooperatius.<\/p>\n<p>Hem apr\u00e8s molt\u00edssim i ens ho hem passat s\u00faper b\u00e9!<\/p>\n<p>Cliqueu la imatge per veure les fotografies!<\/p>\n<p><a href=\"https:\/\/drive.google.com\/drive\/folders\/1woq4KGx_qQenFeYBPxeqoRgXAOZNmbpe?usp=sharing\"><img loading=\"lazy\" decoding=\"async\" class=\"alignnone size-full wp-image-11402\" src=\"https:\/\/agora.xtec.cat\/ceip-fontfreda\/wp-content\/uploads\/usu813\/2025\/06\/COOPERATIUS.jpg\" alt=\"\" width=\"398\" height=\"191\" srcset=\"https:\/\/agora.xtec.cat\/ceip-fontfreda\/wp-content\/uploads\/usu813\/2025\/06\/COOPERATIUS.jpg 398w, https:\/\/agora.xtec.cat\/ceip-fontfreda\/wp-content\/uploads\/usu813\/2025\/06\/COOPERATIUS-300x144.jpg 300w\" sizes=\"auto, (max-width: 398px) 100vw, 398px\" \/><\/a><\/p>\n","protected":false},"excerpt":{"rendered":"<p>Durant l&#8217;edat dels nostres infants \u00e9s molt important aprendre diferents aspectes que ens serviran per cr\u00e9ixer com a persones: l&#8217;empatia, la cooperaci\u00f3, compartir, ajudar, etc.<br \/>\nTots aquests valors els hem posat en pr\u00e0ctica a trav\u00e9s d&#8217;un taller de jocs cooperatius.<br \/>\nHem apr\u00e8s molt\u00edssim i ens ho hem&hellip;  <a href=\"https:\/\/agora.xtec.cat\/ceip-fontfreda\/primaria\/2n\/cooperem-jugant\/\" title=\"Read Cooperem Jugant\">Llegeix m\u00e9s\u00bb<\/a><\/p>\n","protected":false},"author":9,"featured_media":0,"comment_status":"open","ping_status":"open","sticky":false,"template":"","format":"standard","meta":{"_bbp_topic_count":0,"_bbp_reply_count":0,"_bbp_total_topic_count":0,"_bbp_total_reply_count":0,"_bbp_voice_count":0,"_bbp_anonymous_reply_count":0,"_bbp_topic_count_hidden":0,"_bbp_reply_count_hidden":0,"_bbp_forum_subforum_count":0,"footnotes":""},"categories":[11],"tags":[],"class_list":["post-11404","post","type-post","status-publish","format-standard","hentry","category-2n"],"post_mailing_queue_ids":[],"_links":{"self":[{"href":"https:\/\/agora.xtec.cat\/ceip-fontfreda\/wp-json\/wp\/v2\/posts\/11404","targetHints":{"allow":["GET"]}}],"collection":[{"href":"https:\/\/agora.xtec.cat\/ceip-fontfreda\/wp-json\/wp\/v2\/posts"}],"about":[{"href":"https:\/\/agora.xtec.cat\/ceip-fontfreda\/wp-json\/wp\/v2\/types\/post"}],"author":[{"embeddable":true,"href":"https:\/\/agora.xtec.cat\/ceip-fontfreda\/wp-json\/wp\/v2\/users\/9"}],"replies":[{"embeddable":true,"href":"https:\/\/agora.xtec.cat\/ceip-fontfreda\/wp-json\/wp\/v2\/comments?post=11404"}],"version-history":[{"count":2,"href":"https:\/\/agora.xtec.cat\/ceip-fontfreda\/wp-json\/wp\/v2\/posts\/11404\/revisions"}],"predecessor-version":[{"id":11406,"href":"https:\/\/agora.xtec.cat\/ceip-fontfreda\/wp-json\/wp\/v2\/posts\/11404\/revisions\/11406"}],"wp:attachment":[{"href":"https:\/\/agora.xtec.cat\/ceip-fontfreda\/wp-json\/wp\/v2\/media?parent=11404"}],"wp:term":[{"taxonomy":"category","embeddable":true,"href":"https:\/\/agora.xtec.cat\/ceip-fontfreda\/wp-json\/wp\/v2\/categories?post=11404"},{"taxonomy":"post_tag","embeddable":true,"href":"https:\/\/agora.xtec.cat\/ceip-fontfreda\/wp-json\/wp\/v2\/tags?post=11404"}],"curies":[{"name":"wp","href":"https:\/\/api.w.org\/{rel}","templated":true}]}}