{"id":11379,"date":"2025-05-20T19:29:12","date_gmt":"2025-05-20T17:29:12","guid":{"rendered":"https:\/\/agora.xtec.cat\/ceip-fontfreda\/?p=11379"},"modified":"2025-05-20T19:30:11","modified_gmt":"2025-05-20T17:30:11","slug":"educacio-infantil-ambients-daprenentatge-4","status":"publish","type":"post","link":"https:\/\/agora.xtec.cat\/ceip-fontfreda\/general\/educacio-infantil-ambients-daprenentatge-4\/","title":{"rendered":"Educaci\u00f3 Infantil: Ambients d&#8217;Aprenentatge"},"content":{"rendered":"<p><a href=\"https:\/\/drive.google.com\/drive\/folders\/19yQGRkqdApDQ6ABeX2QbRVlzE9jVugHi?usp=sharing\"><img loading=\"lazy\" decoding=\"async\" class=\"alignnone wp-image-11380\" src=\"https:\/\/agora.xtec.cat\/ceip-fontfreda\/wp-content\/uploads\/usu813\/2025\/05\/Diseno-sin-titulo-6.png\" alt=\"\" width=\"387\" height=\"275\" srcset=\"https:\/\/agora.xtec.cat\/ceip-fontfreda\/wp-content\/uploads\/usu813\/2025\/05\/Diseno-sin-titulo-6.png 800w, https:\/\/agora.xtec.cat\/ceip-fontfreda\/wp-content\/uploads\/usu813\/2025\/05\/Diseno-sin-titulo-6-300x213.png 300w, https:\/\/agora.xtec.cat\/ceip-fontfreda\/wp-content\/uploads\/usu813\/2025\/05\/Diseno-sin-titulo-6-768x545.png 768w\" sizes=\"auto, (max-width: 387px) 100vw, 387px\" \/><\/a><\/p>\n<p>Els ambients d&#8217;aprenentatge s\u00f3n una manera molt enriquidora de fer cr\u00e9ixer la curiositat i l&#8217;aprenentatge dels infants. Aquest trimestre hem incorporat diferents espais com l&#8217;hospital, els minimons, la llum i la foscor, aix\u00ed com les construccions i l&#8217;experimentaci\u00f3, els quals ofereixen moltes oportunitats per estimular la imaginaci\u00f3, la motricitat, el pensament cr\u00edtic i la resoluci\u00f3 de problemes. A m\u00e9s, aquestes provocacions i propostes a trav\u00e9s del joc s\u00f3n ideals per fomentar la motivaci\u00f3 i l&#8217;inter\u00e8s dels infants. Es tracta d&#8217;una metodologia molt enriquidora!Voleu veure imatges?Feu click a la fotografia. Desitgem que us agradin!<\/p>\n<p>Les mestres d&#8217;educaci\u00f3 infantil<\/p>\n","protected":false},"excerpt":{"rendered":"<p><a href=\"https:\/\/drive.google.com\/drive\/folders\/19yQGRkqdApDQ6ABeX2QbRVlzE9jVugHi?usp=sharing\"><\/a><br \/>\nEls ambients d&#8217;aprenentatge s\u00f3n una manera molt enriquidora de fer cr\u00e9ixer la curiositat i l&#8217;aprenentatge dels infants. Aquest trimestre hem incorporat diferents espais com l&#8217;hospital, els minimons, la llum i la foscor, aix\u00ed com les construccions i l&#8217;experimentaci\u00f3, els quals ofereixen moltes oportunitats per&hellip;  <a href=\"https:\/\/agora.xtec.cat\/ceip-fontfreda\/general\/educacio-infantil-ambients-daprenentatge-4\/\" title=\"Read Educaci\u00f3 Infantil: Ambients d&#8217;Aprenentatge\">Llegeix m\u00e9s\u00bb<\/a><\/p>\n","protected":false},"author":53,"featured_media":0,"comment_status":"open","ping_status":"closed","sticky":false,"template":"","format":"standard","meta":{"_bbp_topic_count":0,"_bbp_reply_count":0,"_bbp_total_topic_count":0,"_bbp_total_reply_count":0,"_bbp_voice_count":0,"_bbp_anonymous_reply_count":0,"_bbp_topic_count_hidden":0,"_bbp_reply_count_hidden":0,"_bbp_forum_subforum_count":0,"footnotes":""},"categories":[1,3,8,9,2,4],"tags":[],"class_list":["post-11379","post","type-post","status-publish","format-standard","hentry","category-general","category-i3","category-i4","category-i5","category-infantil","category-portada"],"post_mailing_queue_ids":[],"_links":{"self":[{"href":"https:\/\/agora.xtec.cat\/ceip-fontfreda\/wp-json\/wp\/v2\/posts\/11379","targetHints":{"allow":["GET"]}}],"collection":[{"href":"https:\/\/agora.xtec.cat\/ceip-fontfreda\/wp-json\/wp\/v2\/posts"}],"about":[{"href":"https:\/\/agora.xtec.cat\/ceip-fontfreda\/wp-json\/wp\/v2\/types\/post"}],"author":[{"embeddable":true,"href":"https:\/\/agora.xtec.cat\/ceip-fontfreda\/wp-json\/wp\/v2\/users\/53"}],"replies":[{"embeddable":true,"href":"https:\/\/agora.xtec.cat\/ceip-fontfreda\/wp-json\/wp\/v2\/comments?post=11379"}],"version-history":[{"count":2,"href":"https:\/\/agora.xtec.cat\/ceip-fontfreda\/wp-json\/wp\/v2\/posts\/11379\/revisions"}],"predecessor-version":[{"id":11382,"href":"https:\/\/agora.xtec.cat\/ceip-fontfreda\/wp-json\/wp\/v2\/posts\/11379\/revisions\/11382"}],"wp:attachment":[{"href":"https:\/\/agora.xtec.cat\/ceip-fontfreda\/wp-json\/wp\/v2\/media?parent=11379"}],"wp:term":[{"taxonomy":"category","embeddable":true,"href":"https:\/\/agora.xtec.cat\/ceip-fontfreda\/wp-json\/wp\/v2\/categories?post=11379"},{"taxonomy":"post_tag","embeddable":true,"href":"https:\/\/agora.xtec.cat\/ceip-fontfreda\/wp-json\/wp\/v2\/tags?post=11379"}],"curies":[{"name":"wp","href":"https:\/\/api.w.org\/{rel}","templated":true}]}}