{"id":11375,"date":"2025-06-01T18:11:48","date_gmt":"2025-06-01T16:11:48","guid":{"rendered":"https:\/\/agora.xtec.cat\/ceip-fontfreda\/?p=11375"},"modified":"2025-06-01T18:11:48","modified_gmt":"2025-06-01T16:11:48","slug":"colonies-de-i5-2n-i-4t","status":"publish","type":"post","link":"https:\/\/agora.xtec.cat\/ceip-fontfreda\/general\/colonies-de-i5-2n-i-4t\/","title":{"rendered":"Col\u00f2nies de I5, 2n i 4t"},"content":{"rendered":"<p style=\"padding-left: 40px;\" data-sourcepos=\"5:1-5:116\">Aquesta setmana, els alumnes de <strong>4t, 2n i I5<\/strong>\u00a0han gaudit d&#8217;unes col\u00f2nies plenes d&#8217;aventures i aprenentatges!<\/p>\n<p data-sourcepos=\"7:1-7:240\">Els nois i noies de <strong>2n i I5<\/strong>\u00a0es van endinsar en el m\u00f3n dels pirates, participant en una emocionant recerca d&#8217;un tresor amagat. Amb mapes, pistes i molta imaginaci\u00f3, van viure una experi\u00e8ncia inoblidable plena de jocs i companyonia.<\/p>\n<p data-sourcepos=\"9:1-9:304\">Per la seva banda, els alumnes de <strong>4t de prim\u00e0ria<\/strong> van viatjar milers d&#8217;anys enrere per explorar la fascinant <strong>prehist\u00f2ria<\/strong>. Van descobrir com vivien els nostres avantpassats, van aprendre sobre les seves eines i costums, i van participar en activitats que els van apropar a aquesta \u00e8poca tan remota.<\/p>\n<p data-sourcepos=\"11:1-11:101\">Estem segurs que tots ells tornen a casa amb la motxilla plena de grans records i noves experi\u00e8ncies!<\/p>\n<p data-sourcepos=\"11:1-11:101\"><a href=\"https:\/\/drive.google.com\/drive\/folders\/1XM7YwAleWfcdIGBzZd7PlD4kklAsfrob?usp=sharing\" target=\"_blank\" rel=\"noopener\">Podeu veure tot el que van fer aqu\u00ed!<\/a><\/p>\n","protected":false},"excerpt":{"rendered":"<p>Aquesta setmana, els alumnes de 4t, 2n i I5\u00a0han gaudit d&#8217;unes col\u00f2nies plenes d&#8217;aventures i aprenentatges!<br \/>\nEls nois i noies de 2n i I5\u00a0es van endinsar en el m\u00f3n dels pirates, participant en una emocionant recerca d&#8217;un tresor amagat. Amb mapes, pistes i molta imaginaci\u00f3, van&hellip;  <a href=\"https:\/\/agora.xtec.cat\/ceip-fontfreda\/general\/colonies-de-i5-2n-i-4t\/\" title=\"Read Col\u00f2nies de I5, 2n i 4t\">Llegeix m\u00e9s\u00bb<\/a><\/p>\n","protected":false},"author":23,"featured_media":11376,"comment_status":"open","ping_status":"closed","sticky":false,"template":"","format":"standard","meta":{"_bbp_topic_count":0,"_bbp_reply_count":0,"_bbp_total_topic_count":0,"_bbp_total_reply_count":0,"_bbp_voice_count":0,"_bbp_anonymous_reply_count":0,"_bbp_topic_count_hidden":0,"_bbp_reply_count_hidden":0,"_bbp_forum_subforum_count":0,"footnotes":""},"categories":[11,13,1,9,4],"tags":[],"class_list":["post-11375","post","type-post","status-publish","format-standard","has-post-thumbnail","hentry","category-2n","category-4t","category-general","category-i5","category-portada"],"post_mailing_queue_ids":[],"_links":{"self":[{"href":"https:\/\/agora.xtec.cat\/ceip-fontfreda\/wp-json\/wp\/v2\/posts\/11375","targetHints":{"allow":["GET"]}}],"collection":[{"href":"https:\/\/agora.xtec.cat\/ceip-fontfreda\/wp-json\/wp\/v2\/posts"}],"about":[{"href":"https:\/\/agora.xtec.cat\/ceip-fontfreda\/wp-json\/wp\/v2\/types\/post"}],"author":[{"embeddable":true,"href":"https:\/\/agora.xtec.cat\/ceip-fontfreda\/wp-json\/wp\/v2\/users\/23"}],"replies":[{"embeddable":true,"href":"https:\/\/agora.xtec.cat\/ceip-fontfreda\/wp-json\/wp\/v2\/comments?post=11375"}],"version-history":[{"count":3,"href":"https:\/\/agora.xtec.cat\/ceip-fontfreda\/wp-json\/wp\/v2\/posts\/11375\/revisions"}],"predecessor-version":[{"id":11395,"href":"https:\/\/agora.xtec.cat\/ceip-fontfreda\/wp-json\/wp\/v2\/posts\/11375\/revisions\/11395"}],"wp:featuredmedia":[{"embeddable":true,"href":"https:\/\/agora.xtec.cat\/ceip-fontfreda\/wp-json\/wp\/v2\/media\/11376"}],"wp:attachment":[{"href":"https:\/\/agora.xtec.cat\/ceip-fontfreda\/wp-json\/wp\/v2\/media?parent=11375"}],"wp:term":[{"taxonomy":"category","embeddable":true,"href":"https:\/\/agora.xtec.cat\/ceip-fontfreda\/wp-json\/wp\/v2\/categories?post=11375"},{"taxonomy":"post_tag","embeddable":true,"href":"https:\/\/agora.xtec.cat\/ceip-fontfreda\/wp-json\/wp\/v2\/tags?post=11375"}],"curies":[{"name":"wp","href":"https:\/\/api.w.org\/{rel}","templated":true}]}}