{"id":11370,"date":"2025-05-20T19:15:12","date_gmt":"2025-05-20T17:15:12","guid":{"rendered":"https:\/\/agora.xtec.cat\/ceip-fontfreda\/?p=11370"},"modified":"2025-05-20T19:15:12","modified_gmt":"2025-05-20T17:15:12","slug":"colonies-de-6e-2","status":"publish","type":"post","link":"https:\/\/agora.xtec.cat\/ceip-fontfreda\/general\/colonies-de-6e-2\/","title":{"rendered":"Col\u00f2nies de 6\u00e8"},"content":{"rendered":"<p data-sourcepos=\"5:1-5:184\">Fa uns dies que els nostres alumnes de 6\u00e8 van gaudir d&#8217;unes col\u00f2nies fant\u00e0stiques al c\u00e0mping Cala Gogo. Van ser uns dies plens d&#8217;aventures, aprenentatge i, sobretot, molta diversi\u00f3!<\/p>\n<p data-sourcepos=\"7:1-7:365\">Entre piscina,\u00a0 jocs a la platja i activitats en grup, els nens i nenes van tenir l&#8217;oportunitat de conviure, refor\u00e7ar els seus vincles d&#8217;amistat i posar a prova les seves habilitats en un entorn diferent del de l&#8217;escola. Des de l&#8217;equip docent, estem molt orgullosos de com van participar en totes les propostes i de la companyonia que van demostrar en tot moment.<\/p>\n<p data-sourcepos=\"9:1-9:253\">Aquestes col\u00f2nies s\u00f3n una part molt important del tancament de l&#8217;etapa de Prim\u00e0ria, ja que permeten als nostres alumnes gaudir d&#8217;una experi\u00e8ncia \u00fanica abans de fer el salt a l&#8217;ESO. Estem segurs que guardaran un record preci\u00f3s d&#8217;aquests dies a Cala Gogo.<\/p>\n<p data-sourcepos=\"11:1-11:78\">Podeu veure algunes fotos d&#8217;aquests moments tan especials a la nostra galeria!<\/p>\n<p data-sourcepos=\"11:1-11:78\"><a href=\"https:\/\/drive.google.com\/drive\/folders\/1OywBIyNdH9PQJYu3ZrReqBEZM5gnNl69?usp=sharing\" target=\"_blank\" rel=\"noopener\">Galeria de Fotos!<\/a><\/p>\n","protected":false},"excerpt":{"rendered":"<p>Fa uns dies que els nostres alumnes de 6\u00e8 van gaudir d&#8217;unes col\u00f2nies fant\u00e0stiques al c\u00e0mping Cala Gogo. Van ser uns dies plens d&#8217;aventures, aprenentatge i, sobretot, molta diversi\u00f3!<br \/>\nEntre piscina,\u00a0 jocs a la platja i activitats en grup, els nens i nenes van tenir l&#8217;oportunitat&hellip;  <a href=\"https:\/\/agora.xtec.cat\/ceip-fontfreda\/general\/colonies-de-6e-2\/\" title=\"Read Col\u00f2nies de 6\u00e8\">Llegeix m\u00e9s\u00bb<\/a><\/p>\n","protected":false},"author":23,"featured_media":11371,"comment_status":"open","ping_status":"closed","sticky":false,"template":"","format":"standard","meta":{"_bbp_topic_count":0,"_bbp_reply_count":0,"_bbp_total_topic_count":0,"_bbp_total_reply_count":0,"_bbp_voice_count":0,"_bbp_anonymous_reply_count":0,"_bbp_topic_count_hidden":0,"_bbp_reply_count_hidden":0,"_bbp_forum_subforum_count":0,"footnotes":""},"categories":[15,1,4],"tags":[],"class_list":["post-11370","post","type-post","status-publish","format-standard","has-post-thumbnail","hentry","category-6e","category-general","category-portada"],"post_mailing_queue_ids":[],"_links":{"self":[{"href":"https:\/\/agora.xtec.cat\/ceip-fontfreda\/wp-json\/wp\/v2\/posts\/11370","targetHints":{"allow":["GET"]}}],"collection":[{"href":"https:\/\/agora.xtec.cat\/ceip-fontfreda\/wp-json\/wp\/v2\/posts"}],"about":[{"href":"https:\/\/agora.xtec.cat\/ceip-fontfreda\/wp-json\/wp\/v2\/types\/post"}],"author":[{"embeddable":true,"href":"https:\/\/agora.xtec.cat\/ceip-fontfreda\/wp-json\/wp\/v2\/users\/23"}],"replies":[{"embeddable":true,"href":"https:\/\/agora.xtec.cat\/ceip-fontfreda\/wp-json\/wp\/v2\/comments?post=11370"}],"version-history":[{"count":1,"href":"https:\/\/agora.xtec.cat\/ceip-fontfreda\/wp-json\/wp\/v2\/posts\/11370\/revisions"}],"predecessor-version":[{"id":11372,"href":"https:\/\/agora.xtec.cat\/ceip-fontfreda\/wp-json\/wp\/v2\/posts\/11370\/revisions\/11372"}],"wp:featuredmedia":[{"embeddable":true,"href":"https:\/\/agora.xtec.cat\/ceip-fontfreda\/wp-json\/wp\/v2\/media\/11371"}],"wp:attachment":[{"href":"https:\/\/agora.xtec.cat\/ceip-fontfreda\/wp-json\/wp\/v2\/media?parent=11370"}],"wp:term":[{"taxonomy":"category","embeddable":true,"href":"https:\/\/agora.xtec.cat\/ceip-fontfreda\/wp-json\/wp\/v2\/categories?post=11370"},{"taxonomy":"post_tag","embeddable":true,"href":"https:\/\/agora.xtec.cat\/ceip-fontfreda\/wp-json\/wp\/v2\/tags?post=11370"}],"curies":[{"name":"wp","href":"https:\/\/api.w.org\/{rel}","templated":true}]}}