{"id":11364,"date":"2025-05-05T15:51:41","date_gmt":"2025-05-05T13:51:41","guid":{"rendered":"https:\/\/agora.xtec.cat\/ceip-fontfreda\/?p=11364"},"modified":"2025-05-05T16:04:30","modified_gmt":"2025-05-05T14:04:30","slug":"taller-de-radio","status":"publish","type":"post","link":"https:\/\/agora.xtec.cat\/ceip-fontfreda\/general\/taller-de-radio\/","title":{"rendered":"Taller de r\u00e0dio."},"content":{"rendered":"<p>Us compartim el podcast del taller de r\u00e0dio que van realitzar els alumnes de 5\u00e8. Esperem que gaudiu tant com ells van gaudir gravant-lo.<\/p>\n<p>5\u00e8 A<\/p>\n<!--[if lt IE 9]><script>document.createElement('audio');<\/script><![endif]-->\n<audio class=\"wp-audio-shortcode\" id=\"audio-11364-1\" preload=\"none\" style=\"width: 100%;\" controls=\"controls\"><source type=\"audio\/mpeg\" src=\"https:\/\/agora.xtec.cat\/ceip-fontfreda\/wp-content\/uploads\/usu813\/2025\/05\/2025_01_14_Font-Freda-P5A-1.mp3?_=1\" \/><a href=\"https:\/\/agora.xtec.cat\/ceip-fontfreda\/wp-content\/uploads\/usu813\/2025\/05\/2025_01_14_Font-Freda-P5A-1.mp3\">https:\/\/agora.xtec.cat\/ceip-fontfreda\/wp-content\/uploads\/usu813\/2025\/05\/2025_01_14_Font-Freda-P5A-1.mp3<\/a><\/audio>\n<p>5\u00e8 B<\/p>\n<audio class=\"wp-audio-shortcode\" id=\"audio-11364-2\" preload=\"none\" style=\"width: 100%;\" controls=\"controls\"><source type=\"audio\/mpeg\" src=\"https:\/\/agora.xtec.cat\/ceip-fontfreda\/wp-content\/uploads\/usu813\/2025\/05\/2025_01_17_Font-Freda-P5B-2-3.mp3?_=2\" \/><a href=\"https:\/\/agora.xtec.cat\/ceip-fontfreda\/wp-content\/uploads\/usu813\/2025\/05\/2025_01_17_Font-Freda-P5B-2-3.mp3\">https:\/\/agora.xtec.cat\/ceip-fontfreda\/wp-content\/uploads\/usu813\/2025\/05\/2025_01_17_Font-Freda-P5B-2-3.mp3<\/a><\/audio>\n","protected":false},"excerpt":{"rendered":"<p>Us compartim el podcast del taller de r\u00e0dio que van realitzar els alumnes de 5\u00e8. Esperem que gaudiu tant com ells van gaudir gravant-lo.<br \/>\n5\u00e8 A<br \/>\n<a href=\"https:\/\/agora.xtec.cat\/ceip-fontfreda\/wp-content\/uploads\/usu813\/2025\/05\/2025_01_14_Font-Freda-P5A-1.mp3\">https:\/\/agora.xtec.cat\/ceip-fontfreda\/wp-content\/uploads\/usu813\/2025\/05\/2025_01_14_Font-Freda-P5A-1.mp3<\/a><br \/>\n5\u00e8 B<br \/>\n<a href=\"https:\/\/agora.xtec.cat\/ceip-fontfreda\/wp-content\/uploads\/usu813\/2025\/05\/2025_01_17_Font-Freda-P5B-2-3.mp3\">https:\/\/agora.xtec.cat\/ceip-fontfreda\/wp-content\/uploads\/usu813\/2025\/05\/2025_01_17_Font-Freda-P5B-2-3.mp3<\/a><\/p>\n","protected":false},"author":40,"featured_media":0,"comment_status":"open","ping_status":"closed","sticky":false,"template":"","format":"standard","meta":{"_bbp_topic_count":0,"_bbp_reply_count":0,"_bbp_total_topic_count":0,"_bbp_total_reply_count":0,"_bbp_voice_count":0,"_bbp_anonymous_reply_count":0,"_bbp_topic_count_hidden":0,"_bbp_reply_count_hidden":0,"_bbp_forum_subforum_count":0,"footnotes":""},"categories":[14,1,5],"tags":[53,119,85],"class_list":["post-11364","post","type-post","status-publish","format-standard","hentry","category-5e","category-general","category-primaria","tag-5e","tag-cinque","tag-tallers"],"post_mailing_queue_ids":[],"_links":{"self":[{"href":"https:\/\/agora.xtec.cat\/ceip-fontfreda\/wp-json\/wp\/v2\/posts\/11364","targetHints":{"allow":["GET"]}}],"collection":[{"href":"https:\/\/agora.xtec.cat\/ceip-fontfreda\/wp-json\/wp\/v2\/posts"}],"about":[{"href":"https:\/\/agora.xtec.cat\/ceip-fontfreda\/wp-json\/wp\/v2\/types\/post"}],"author":[{"embeddable":true,"href":"https:\/\/agora.xtec.cat\/ceip-fontfreda\/wp-json\/wp\/v2\/users\/40"}],"replies":[{"embeddable":true,"href":"https:\/\/agora.xtec.cat\/ceip-fontfreda\/wp-json\/wp\/v2\/comments?post=11364"}],"version-history":[{"count":2,"href":"https:\/\/agora.xtec.cat\/ceip-fontfreda\/wp-json\/wp\/v2\/posts\/11364\/revisions"}],"predecessor-version":[{"id":11366,"href":"https:\/\/agora.xtec.cat\/ceip-fontfreda\/wp-json\/wp\/v2\/posts\/11364\/revisions\/11366"}],"wp:attachment":[{"href":"https:\/\/agora.xtec.cat\/ceip-fontfreda\/wp-json\/wp\/v2\/media?parent=11364"}],"wp:term":[{"taxonomy":"category","embeddable":true,"href":"https:\/\/agora.xtec.cat\/ceip-fontfreda\/wp-json\/wp\/v2\/categories?post=11364"},{"taxonomy":"post_tag","embeddable":true,"href":"https:\/\/agora.xtec.cat\/ceip-fontfreda\/wp-json\/wp\/v2\/tags?post=11364"}],"curies":[{"name":"wp","href":"https:\/\/api.w.org\/{rel}","templated":true}]}}