{"id":11350,"date":"2025-04-29T18:33:00","date_gmt":"2025-04-29T16:33:00","guid":{"rendered":"https:\/\/agora.xtec.cat\/ceip-fontfreda\/?p=11350"},"modified":"2025-04-29T18:33:00","modified_gmt":"2025-04-29T16:33:00","slug":"sant-jordi-al-carrer","status":"publish","type":"post","link":"https:\/\/agora.xtec.cat\/ceip-fontfreda\/general\/sant-jordi-al-carrer\/","title":{"rendered":"Sant Jordi al carrer"},"content":{"rendered":"<p>Per celebrar la Diada de Sant Jordi, l\u2019alumnat de l\u2019escola va sortir a passejar pel carrer Major i a gaudir de les paradetes de llibres i roses. Va ser una jornada molt especial, plena de colors, hist\u00f2ries i emocions. A m\u00e9s, l\u2019alumnat de 6\u00e8 va tenir un paper protagonista: van participar activament venent els seus propis productes elaborats a l\u2019escola, mostrant el seu esfor\u00e7, creativitat i esperit emprenedor. Una gran experi\u00e8ncia que ens connecta amb la cultura, el territori i els valors de cooperaci\u00f3 i comprom\u00eds.<\/p>\n<p>Ho podeu veure clicant <a href=\"https:\/\/drive.google.com\/drive\/folders\/17bJFlryCcqABVIWVUfQo_xRpAWyJhLi0?usp=sharing\" target=\"_blank\" rel=\"noopener\">aqu\u00ed<\/a>!<\/p>\n","protected":false},"excerpt":{"rendered":"<p>Per celebrar la Diada de Sant Jordi, l\u2019alumnat de l\u2019escola va sortir a passejar pel carrer Major i a gaudir de les paradetes de llibres i roses. Va ser una jornada molt especial, plena de colors, hist\u00f2ries i emocions. A m\u00e9s, l\u2019alumnat de 6\u00e8 va&hellip;  <a href=\"https:\/\/agora.xtec.cat\/ceip-fontfreda\/general\/sant-jordi-al-carrer\/\" title=\"Read Sant Jordi al carrer\">Llegeix m\u00e9s\u00bb<\/a><\/p>\n","protected":false},"author":23,"featured_media":11351,"comment_status":"open","ping_status":"closed","sticky":false,"template":"","format":"standard","meta":{"_bbp_topic_count":0,"_bbp_reply_count":0,"_bbp_total_topic_count":0,"_bbp_total_reply_count":0,"_bbp_voice_count":0,"_bbp_anonymous_reply_count":0,"_bbp_topic_count_hidden":0,"_bbp_reply_count_hidden":0,"_bbp_forum_subforum_count":0,"footnotes":""},"categories":[10,11,12,13,14,15,1,4],"tags":[],"class_list":["post-11350","post","type-post","status-publish","format-standard","has-post-thumbnail","hentry","category-1r","category-2n","category-3r","category-4t","category-5e","category-6e","category-general","category-portada"],"post_mailing_queue_ids":[],"_links":{"self":[{"href":"https:\/\/agora.xtec.cat\/ceip-fontfreda\/wp-json\/wp\/v2\/posts\/11350","targetHints":{"allow":["GET"]}}],"collection":[{"href":"https:\/\/agora.xtec.cat\/ceip-fontfreda\/wp-json\/wp\/v2\/posts"}],"about":[{"href":"https:\/\/agora.xtec.cat\/ceip-fontfreda\/wp-json\/wp\/v2\/types\/post"}],"author":[{"embeddable":true,"href":"https:\/\/agora.xtec.cat\/ceip-fontfreda\/wp-json\/wp\/v2\/users\/23"}],"replies":[{"embeddable":true,"href":"https:\/\/agora.xtec.cat\/ceip-fontfreda\/wp-json\/wp\/v2\/comments?post=11350"}],"version-history":[{"count":1,"href":"https:\/\/agora.xtec.cat\/ceip-fontfreda\/wp-json\/wp\/v2\/posts\/11350\/revisions"}],"predecessor-version":[{"id":11352,"href":"https:\/\/agora.xtec.cat\/ceip-fontfreda\/wp-json\/wp\/v2\/posts\/11350\/revisions\/11352"}],"wp:featuredmedia":[{"embeddable":true,"href":"https:\/\/agora.xtec.cat\/ceip-fontfreda\/wp-json\/wp\/v2\/media\/11351"}],"wp:attachment":[{"href":"https:\/\/agora.xtec.cat\/ceip-fontfreda\/wp-json\/wp\/v2\/media?parent=11350"}],"wp:term":[{"taxonomy":"category","embeddable":true,"href":"https:\/\/agora.xtec.cat\/ceip-fontfreda\/wp-json\/wp\/v2\/categories?post=11350"},{"taxonomy":"post_tag","embeddable":true,"href":"https:\/\/agora.xtec.cat\/ceip-fontfreda\/wp-json\/wp\/v2\/tags?post=11350"}],"curies":[{"name":"wp","href":"https:\/\/api.w.org\/{rel}","templated":true}]}}