{"id":11323,"date":"2025-03-10T09:28:13","date_gmt":"2025-03-10T08:28:13","guid":{"rendered":"https:\/\/agora.xtec.cat\/ceip-fontfreda\/?p=11323"},"modified":"2025-03-10T10:17:01","modified_gmt":"2025-03-10T09:17:01","slug":"himne-de-lescola","status":"publish","type":"post","link":"https:\/\/agora.xtec.cat\/ceip-fontfreda\/general\/himne-de-lescola\/","title":{"rendered":"HIMNE DE L&#8217;ESCOLA"},"content":{"rendered":"<p data-start=\"127\" data-end=\"166\">Ja tenim l\u2019himne de l\u2019escola!<\/p>\n<p data-start=\"168\" data-end=\"569\">Durant els<a href=\"https:\/\/drive.google.com\/drive\/folders\/1CTKYJJN_ciAlhJKMI8TeOCq9Mq4lHDcL?usp=sharing\"> tallers de la Setmana Cultural<\/a>, l\u2019alumnat ha estat treballant de valent amb la Judith i la Iris per aprendre i preparar l\u2019Himne de l\u2019Escola. En grups han buscat i endre\u00e7at les frases amagades per l&#8217;aula, trobant tamb\u00e9 imatges que connecten amb la lletra de les estrofes. Per acabar, un Kahoot per repassar i.. tots junts hem cantat l&#8217;himne !<br data-start=\"335\" data-end=\"338\" \/>La lletra de la can\u00e7\u00f3 ha estat creada a partir de tota la informaci\u00f3, idees i sentiments que ens van aportar els nois i noies de 6\u00e8, i el resultat \u00e9s una can\u00e7\u00f3 que parla de qui som com a escola i tot all\u00f2 que compartim.<\/p>\n<p data-start=\"571\" data-end=\"756\">A partir d\u2019avui ja la podeu escoltar i cantar des de casa!<br data-start=\"633\" data-end=\"636\" \/>Us animem a posar-la ben fort i gaudir-la en fam\u00edlia!<\/p>\n<p data-start=\"571\" data-end=\"756\"><iframe loading=\"lazy\" src=\"https:\/\/drive.google.com\/file\/d\/1HdUlUsHKORNjS4KgkmCrjtBfUNWa5oiD\/preview\" width=\"640\" height=\"480\"><\/iframe><br data-start=\"692\" data-end=\"695\" \/>I aix\u00f2 no s\u2019acaba aqu\u00ed\u2026 Ben aviat ens visitar\u00e0 en Quim Vila, que ens ajudar\u00e0 a fer la gravaci\u00f3 oficial de l\u2019himne! Ser\u00e0 una jornada molt especial que segur que recordarem sempre.<\/p>\n<p><a href=\"https:\/\/agora.xtec.cat\/ceip-fontfreda\/wp-content\/uploads\/usu813\/2025\/03\/Himne-1.pdf\">Himne<\/a><\/p>\n<!--[if lt IE 9]><script>document.createElement('audio');<\/script><![endif]-->\n<audio class=\"wp-audio-shortcode\" id=\"audio-11323-1\" preload=\"none\" style=\"width: 100%;\" controls=\"controls\"><source type=\"audio\/mpeg\" src=\"https:\/\/agora.xtec.cat\/ceip-fontfreda\/wp-content\/uploads\/usu813\/2025\/03\/Veu-Himne-Font-Freda-.mp3?_=1\" \/><a href=\"https:\/\/agora.xtec.cat\/ceip-fontfreda\/wp-content\/uploads\/usu813\/2025\/03\/Veu-Himne-Font-Freda-.mp3\">https:\/\/agora.xtec.cat\/ceip-fontfreda\/wp-content\/uploads\/usu813\/2025\/03\/Veu-Himne-Font-Freda-.mp3<\/a><\/audio>\n","protected":false},"excerpt":{"rendered":"<p>Ja tenim l\u2019himne de l\u2019escola!<br \/>\nDurant els<a href=\"https:\/\/drive.google.com\/drive\/folders\/1CTKYJJN_ciAlhJKMI8TeOCq9Mq4lHDcL?usp=sharing\"> tallers de la Setmana Cultural<\/a>, l\u2019alumnat ha estat treballant de valent amb la Judith i la Iris per aprendre i preparar l\u2019Himne de l\u2019Escola. En grups han buscat i endre\u00e7at les frases amagades per l&#8217;aula, trobant tamb\u00e9 imatges&hellip;  <a href=\"https:\/\/agora.xtec.cat\/ceip-fontfreda\/general\/himne-de-lescola\/\" title=\"Read HIMNE DE L&#8217;ESCOLA\">Llegeix m\u00e9s\u00bb<\/a><\/p>\n","protected":false},"author":13,"featured_media":11332,"comment_status":"open","ping_status":"closed","sticky":false,"template":"","format":"standard","meta":{"_bbp_topic_count":0,"_bbp_reply_count":0,"_bbp_total_topic_count":0,"_bbp_total_reply_count":0,"_bbp_voice_count":0,"_bbp_anonymous_reply_count":0,"_bbp_topic_count_hidden":0,"_bbp_reply_count_hidden":0,"_bbp_forum_subforum_count":0,"footnotes":""},"categories":[1,75,4],"tags":[],"class_list":["post-11323","post","type-post","status-publish","format-standard","has-post-thumbnail","hentry","category-general","category-mus","category-portada"],"post_mailing_queue_ids":[],"_links":{"self":[{"href":"https:\/\/agora.xtec.cat\/ceip-fontfreda\/wp-json\/wp\/v2\/posts\/11323","targetHints":{"allow":["GET"]}}],"collection":[{"href":"https:\/\/agora.xtec.cat\/ceip-fontfreda\/wp-json\/wp\/v2\/posts"}],"about":[{"href":"https:\/\/agora.xtec.cat\/ceip-fontfreda\/wp-json\/wp\/v2\/types\/post"}],"author":[{"embeddable":true,"href":"https:\/\/agora.xtec.cat\/ceip-fontfreda\/wp-json\/wp\/v2\/users\/13"}],"replies":[{"embeddable":true,"href":"https:\/\/agora.xtec.cat\/ceip-fontfreda\/wp-json\/wp\/v2\/comments?post=11323"}],"version-history":[{"count":6,"href":"https:\/\/agora.xtec.cat\/ceip-fontfreda\/wp-json\/wp\/v2\/posts\/11323\/revisions"}],"predecessor-version":[{"id":11334,"href":"https:\/\/agora.xtec.cat\/ceip-fontfreda\/wp-json\/wp\/v2\/posts\/11323\/revisions\/11334"}],"wp:featuredmedia":[{"embeddable":true,"href":"https:\/\/agora.xtec.cat\/ceip-fontfreda\/wp-json\/wp\/v2\/media\/11332"}],"wp:attachment":[{"href":"https:\/\/agora.xtec.cat\/ceip-fontfreda\/wp-json\/wp\/v2\/media?parent=11323"}],"wp:term":[{"taxonomy":"category","embeddable":true,"href":"https:\/\/agora.xtec.cat\/ceip-fontfreda\/wp-json\/wp\/v2\/categories?post=11323"},{"taxonomy":"post_tag","embeddable":true,"href":"https:\/\/agora.xtec.cat\/ceip-fontfreda\/wp-json\/wp\/v2\/tags?post=11323"}],"curies":[{"name":"wp","href":"https:\/\/api.w.org\/{rel}","templated":true}]}}