{"id":11318,"date":"2025-03-09T09:30:58","date_gmt":"2025-03-09T08:30:58","guid":{"rendered":"https:\/\/agora.xtec.cat\/ceip-fontfreda\/?p=11318"},"modified":"2025-03-09T09:30:58","modified_gmt":"2025-03-09T08:30:58","slug":"educacio-infantil-setmana-cultural-2","status":"publish","type":"post","link":"https:\/\/agora.xtec.cat\/ceip-fontfreda\/general\/educacio-infantil-setmana-cultural-2\/","title":{"rendered":"Educaci\u00f3 Infantil: Setmana Cultural"},"content":{"rendered":"<p><a href=\"https:\/\/drive.google.com\/drive\/folders\/1J0wmcOeBesCOIT8WJTqHIQ9HH7lGrAym?usp=drive_link\"><img loading=\"lazy\" decoding=\"async\" class=\"alignnone  wp-image-11319\" src=\"https:\/\/agora.xtec.cat\/ceip-fontfreda\/wp-content\/uploads\/usu813\/2025\/03\/carnival-mask-with-feathers-isolated-on-white-background-costume-accessories-for-parties-mardi-gras-venice-festival-concept-cartoon-design-vector.jpg\" alt=\"\" width=\"174\" height=\"174\" srcset=\"https:\/\/agora.xtec.cat\/ceip-fontfreda\/wp-content\/uploads\/usu813\/2025\/03\/carnival-mask-with-feathers-isolated-on-white-background-costume-accessories-for-parties-mardi-gras-venice-festival-concept-cartoon-design-vector.jpg 980w, https:\/\/agora.xtec.cat\/ceip-fontfreda\/wp-content\/uploads\/usu813\/2025\/03\/carnival-mask-with-feathers-isolated-on-white-background-costume-accessories-for-parties-mardi-gras-venice-festival-concept-cartoon-design-vector-300x300.jpg 300w, https:\/\/agora.xtec.cat\/ceip-fontfreda\/wp-content\/uploads\/usu813\/2025\/03\/carnival-mask-with-feathers-isolated-on-white-background-costume-accessories-for-parties-mardi-gras-venice-festival-concept-cartoon-design-vector-150x150.jpg 150w, https:\/\/agora.xtec.cat\/ceip-fontfreda\/wp-content\/uploads\/usu813\/2025\/03\/carnival-mask-with-feathers-isolated-on-white-background-costume-accessories-for-parties-mardi-gras-venice-festival-concept-cartoon-design-vector-768x768.jpg 768w\" sizes=\"auto, (max-width: 174px) 100vw, 174px\" \/><\/a><\/p>\n<p>Hola fam\u00edlies!<\/p>\n<p>La setmana cultural ha estat tot un \u00e8xit! Hem pogut gaudir d&#8217;activitats molt variades, com un <strong>taller de cuina<\/strong> on hem apr\u00e8s a preparar galetes, i <strong>jocs tradicionals<\/strong> que ens han fet retrobar amb les nostres arrels. A m\u00e9s, volem agrair a totes les fam\u00edlies que han vingut a ajudar amb les disfresses; la vostra col\u00b7laboraci\u00f3 ha estat fonamental!<\/p>\n<p>Per veure les fotografies, podeu fer clic a sobre de la imatge \ud83d\ude42<\/p>\n<p>Gr\u00e0cies a tots per participar i fer-ho possible!<\/p>\n<p>Les mestres d&#8217;educaci\u00f3 infantil<\/p>\n","protected":false},"excerpt":{"rendered":"<p><a href=\"https:\/\/drive.google.com\/drive\/folders\/1J0wmcOeBesCOIT8WJTqHIQ9HH7lGrAym?usp=drive_link\"><\/a><br \/>\nHola fam\u00edlies!<br \/>\nLa setmana cultural ha estat tot un \u00e8xit! Hem pogut gaudir d&#8217;activitats molt variades, com un taller de cuina on hem apr\u00e8s a preparar galetes, i jocs tradicionals que ens han fet retrobar amb les nostres arrels. A m\u00e9s, volem agrair a totes&hellip;  <a href=\"https:\/\/agora.xtec.cat\/ceip-fontfreda\/general\/educacio-infantil-setmana-cultural-2\/\" title=\"Read Educaci\u00f3 Infantil: Setmana Cultural\">Llegeix m\u00e9s\u00bb<\/a><\/p>\n","protected":false},"author":53,"featured_media":0,"comment_status":"open","ping_status":"closed","sticky":false,"template":"","format":"standard","meta":{"_bbp_topic_count":0,"_bbp_reply_count":0,"_bbp_total_topic_count":0,"_bbp_total_reply_count":0,"_bbp_voice_count":0,"_bbp_anonymous_reply_count":0,"_bbp_topic_count_hidden":0,"_bbp_reply_count_hidden":0,"_bbp_forum_subforum_count":0,"footnotes":""},"categories":[1,3,8,9,2,4],"tags":[],"class_list":["post-11318","post","type-post","status-publish","format-standard","hentry","category-general","category-i3","category-i4","category-i5","category-infantil","category-portada"],"post_mailing_queue_ids":[],"_links":{"self":[{"href":"https:\/\/agora.xtec.cat\/ceip-fontfreda\/wp-json\/wp\/v2\/posts\/11318","targetHints":{"allow":["GET"]}}],"collection":[{"href":"https:\/\/agora.xtec.cat\/ceip-fontfreda\/wp-json\/wp\/v2\/posts"}],"about":[{"href":"https:\/\/agora.xtec.cat\/ceip-fontfreda\/wp-json\/wp\/v2\/types\/post"}],"author":[{"embeddable":true,"href":"https:\/\/agora.xtec.cat\/ceip-fontfreda\/wp-json\/wp\/v2\/users\/53"}],"replies":[{"embeddable":true,"href":"https:\/\/agora.xtec.cat\/ceip-fontfreda\/wp-json\/wp\/v2\/comments?post=11318"}],"version-history":[{"count":2,"href":"https:\/\/agora.xtec.cat\/ceip-fontfreda\/wp-json\/wp\/v2\/posts\/11318\/revisions"}],"predecessor-version":[{"id":11321,"href":"https:\/\/agora.xtec.cat\/ceip-fontfreda\/wp-json\/wp\/v2\/posts\/11318\/revisions\/11321"}],"wp:attachment":[{"href":"https:\/\/agora.xtec.cat\/ceip-fontfreda\/wp-json\/wp\/v2\/media?parent=11318"}],"wp:term":[{"taxonomy":"category","embeddable":true,"href":"https:\/\/agora.xtec.cat\/ceip-fontfreda\/wp-json\/wp\/v2\/categories?post=11318"},{"taxonomy":"post_tag","embeddable":true,"href":"https:\/\/agora.xtec.cat\/ceip-fontfreda\/wp-json\/wp\/v2\/tags?post=11318"}],"curies":[{"name":"wp","href":"https:\/\/api.w.org\/{rel}","templated":true}]}}